{"id":9764,"date":"2021-07-30T06:07:49","date_gmt":"2021-07-30T06:07:49","guid":{"rendered":"https:\/\/blog.cwf-fcf.org\/?p=9764"},"modified":"2021-08-04T15:13:13","modified_gmt":"2021-08-04T15:13:13","slug":"la-course-pour-sauver-les-femelles","status":"publish","type":"post","link":"https:\/\/blog.cwf-fcf.org\/index.php\/fr\/la-course-pour-sauver-les-femelles\/","title":{"rendered":"La course pour sauver les femelles"},"content":{"rendered":"<h2>Les eaux chaudes et peu profondes au large du nord de la Floride, de la G\u00e9orgie, de la Caroline du Nord et de la Caroline du Sud, sont l\u2019endroit o\u00f9 les baleines noires femelles se rendent \u00e0 la fin d\u2019une grossesse d\u2019un an pour donner naissance \u00e0 leur prog\u00e9niture unique et l\u2019allaiter.<\/h2>\n<p>Quelques mois plus tard, la m\u00e8re et son petit commencent leur long voyage vers le nord, le long de la c\u00f4te Est de l\u2019Am\u00e9rique du Nord (une des c\u00f4tes parmi les plus fr\u00e9quent\u00e9es au monde), vers les aires d\u2019alimentation nordiques, dans les eaux canadiennes plus froides.<\/p>\n<figure id=\"attachment_9107\" aria-describedby=\"caption-attachment-9107\" style=\"width: 623px\" class=\"wp-caption aligncenter\"><img loading=\"lazy\" decoding=\"async\" class=\"wp-image-9107 size-full\" src=\"https:\/\/blog.cwf-fcf.org\/wp-content\/uploads\/2021\/02\/right-whale-smart-map.png\" alt=\"\" width=\"623\" height=\"320\" srcset=\"https:\/\/blog.cwf-fcf.org\/wp-content\/uploads\/2021\/02\/right-whale-smart-map.png 623w, https:\/\/blog.cwf-fcf.org\/wp-content\/uploads\/2021\/02\/right-whale-smart-map-530x272.png 530w\" sizes=\"auto, (max-width: 623px) 100vw, 623px\" \/><figcaption id=\"caption-attachment-9107\" class=\"wp-caption-text\">This map illustrates both acoustic and visual observations of North Atlantic Right Whale along North America&#8217;s East Coast.<\/figcaption><\/figure>\n<p>Les baleines noires peuvent commencer \u00e0 donner naissance \u00e0 l\u2019\u00e2ge de six ans, mais la mise bas du premier veau, apr\u00e8s une grossesse d\u2019un an, ne se produit souvent pas avant l\u2019\u00e2ge de 10 ans. Elles peuvent ensuite continuer \u00e0 donner naissance tout au long de leur vie (leur dur\u00e9e de vie naturelle est proche de 100 ans, bien que l\u2019\u00e2ge moyen au d\u00e9c\u00e8s soit inf\u00e9rieur \u00e0 la moiti\u00e9, en grande partie en raison des activit\u00e9s humaines et de l\u2019\u00e9volution des ressources alimentaires dans un oc\u00e9an qui se r\u00e9chauffe.)<\/p>\n<p>Historiquement, l\u2019intervalle normal et sain entre les naissances de baleines noires a \u00e9t\u00e9 d\u2019environ trois ans. Des \u00e9tudes r\u00e9centes montrent que l\u2019intervalle de temps est maintenant de six \u00e0 dix ans. Les recherches sugg\u00e8rent que cela est le r\u00e9sultat d\u2019enchev\u00eatrements et d\u2019autres facteurs de stress qui affaiblissent les baleines et r\u00e9duisent leur capacit\u00e9 \u00e0 procr\u00e9er. Elles ont besoin d\u2019une abondance de nutriments et de lard juste pour soutenir leurs veaux gigantesques, de sorte que tout ce qui emp\u00eache leur capacit\u00e9 \u00e0 se nourrir ou qui impose des exigences suppl\u00e9mentaires sur leur production d\u2019\u00e9nergie est vou\u00e9 \u00e0 avoir un effet sur leur capacit\u00e9 \u00e0 reproduire et \u00e0 \u00e9lever leurs petits.<\/p>\n<blockquote><p>Seulement la moiti\u00e9 des baleines noires femelles vivent jusqu\u2019\u00e0 maturit\u00e9 et aujourd\u2019hui, il y a moins de 90 baleines noires femelles reproductrices en vie.<\/p><\/blockquote>\n<p>\u00c9tant donn\u00e9 que, depuis 2017, 34 baleines noires sont mortes \u00e0 la suite d\u2019enchev\u00eatrements et de collisions (plus 15 autres baleines gri\u00e8vement bless\u00e9es et risquant de mourir de leurs blessures) et que 85 % des baleines noires pr\u00e9sentent des cicatrices d\u2019enchev\u00eatrement, il est clair que l\u2019avenir de cette esp\u00e8ce est en jeu.<\/p>\n<p>Ce n\u2019est pas une exag\u00e9ration de dire que lorsque nous saurons une baleine noires femelle, nous sauvons tous ses futurs veaux et, en termes tr\u00e8s concrets, nous sauvons une esp\u00e8ce de baleine \u00e0 la fois. C\u2019est pourquoi tant d\u2019efforts sont n\u00e9cessaires pour suivre, surveiller et sauver les baleines noires enchev\u00eatr\u00e9es. Et c\u2019est pourquoi il faut faire plus.<\/p>\n<h3>\u00c9tudes de cas<\/h3>\n<h4>C\u00f4ne de neige<\/h4>\n<figure style=\"width: 580px\" class=\"wp-caption aligncenter\"><img loading=\"lazy\" decoding=\"async\" class=\"js-lazyimage--autosizes js-lazyimage--loaded\" src=\"https:\/\/www.theglobeandmail.com\/resizer\/OyuANs-lEdFvjAnU4_RlYvE8tl4=\/620x0\/filters:quality(80)\/cloudfront-us-east-1.images.arcpublishing.com\/tgam\/KOEH33WZFBDCJBO3TJEPEFSLKU.jpg\" sizes=\"auto, 580px\" srcset=\"https:\/\/www.theglobeandmail.com\/resizer\/OyuANs-lEdFvjAnU4_RlYvE8tl4=\/620x0\/filters:quality(80)\/cloudfront-us-east-1.images.arcpublishing.com\/tgam\/KOEH33WZFBDCJBO3TJEPEFSLKU.jpg 620w, https:\/\/www.theglobeandmail.com\/resizer\/xgQ3BGuKLU7xZ_a8MZ0K_WNv2Dw=\/1200x0\/filters:quality(80)\/cloudfront-us-east-1.images.arcpublishing.com\/tgam\/KOEH33WZFBDCJBO3TJEPEFSLKU.jpg 1200w, https:\/\/www.theglobeandmail.com\/resizer\/L2hQiv9H4ZdhIa26lcBJD34GDYg=\/1900x0\/filters:quality(80)\/cloudfront-us-east-1.images.arcpublishing.com\/tgam\/KOEH33WZFBDCJBO3TJEPEFSLKU.jpg 1900w\" alt=\"\" width=\"580\" height=\"384\" data-src=\"https:\/\/www.theglobeandmail.com\/resizer\/OyuANs-lEdFvjAnU4_RlYvE8tl4=\/620x0\/filters:quality(80)\/cloudfront-us-east-1.images.arcpublishing.com\/tgam\/KOEH33WZFBDCJBO3TJEPEFSLKU.jpg\" data-sizes=\"auto\" data-srcset=\"https:\/\/www.theglobeandmail.com\/resizer\/OyuANs-lEdFvjAnU4_RlYvE8tl4=\/620x0\/filters:quality(80)\/cloudfront-us-east-1.images.arcpublishing.com\/tgam\/KOEH33WZFBDCJBO3TJEPEFSLKU.jpg 620w, https:\/\/www.theglobeandmail.com\/resizer\/xgQ3BGuKLU7xZ_a8MZ0K_WNv2Dw=\/1200x0\/filters:quality(80)\/cloudfront-us-east-1.images.arcpublishing.com\/tgam\/KOEH33WZFBDCJBO3TJEPEFSLKU.jpg 1200w, https:\/\/www.theglobeandmail.com\/resizer\/L2hQiv9H4ZdhIa26lcBJD34GDYg=\/1900x0\/filters:quality(80)\/cloudfront-us-east-1.images.arcpublishing.com\/tgam\/KOEH33WZFBDCJBO3TJEPEFSLKU.jpg 1900w\" data-aspect-ratio=\"151.04895104895104\" \/><figcaption class=\"wp-caption-text\">Members of the Campobello Whale Rescue Team attempt to disentangled a North Atlantic right whale near Miscou Island, N.B., on May 11, 2021. Credit: <a href=\"https:\/\/www.theglobeandmail.com\/canada\/article-inside-the-international-effort-to-disentangle-snow-cone-the-whale\/\" target=\"_blank\" rel=\"noopener noreferrer\">The Globe and Mail<\/a><\/figcaption><\/figure>\n<p>C\u2019est pr\u00e8s de Cape Cod, au Massachusetts, en mars 2021, que C\u00f4ne de neige, une baleine noires femelle de 16 ans, a \u00e9t\u00e9 rep\u00e9r\u00e9e, emm\u00eal\u00e9e dans des engins de p\u00eache commerciaux.\u00a0 (Les surnoms, utiles pour suivre chaque baleine et pour engager le public, sont souvent inspir\u00e9s par leurs marques uniques.) Ce jour-l\u00e0, les sauveteurs am\u00e9ricains ont pu lib\u00e9rer partiellement C\u00f4ne de neige de l\u2019\u00e9quipement, mais une corde est rest\u00e9e log\u00e9e dans sa m\u00e2choire avant qu\u2019elle ne plonge en profondeur et ne disparaisse.<\/p>\n<p>Le 10\u00a0mai, elle a \u00e9t\u00e9 rep\u00e9r\u00e9e par un avion canadien de surveillance des baleines pr\u00e8s de Shippagan, au Nouveau-Brunswick et, le lendemain, des sauveteurs canadiens de Campobello Whale Rescue l\u2019ont suivie \u00e0 vue, bateau de sauvetage en remorque, pour tenter de la d\u00e9m\u00ealer \u00e0 nouveau. Apr\u00e8s avoir mis leur embarcation sp\u00e9cialis\u00e9e \u00e0 l\u2019eau, ils ont r\u00e9ussi \u00e0 l\u2019atteindre et ont r\u00e9ussi \u00e0 retirer un peu plus de la corde avant qu\u2019elle ne s\u2019enfuie dans les profondeurs.<\/p>\n<p>Malheureusement, bien que peu atypique, le premier veau de C\u00f4ne de neige, n\u00e9 en 2020, a \u00e9t\u00e9 retrouv\u00e9 mort quelques mois plus tard dans les eaux du New Jersey, victime de deux collisions violentes avec des navires, survenues \u00e0 plusieurs semaines d\u2019intervalle.<\/p>\n<p>C\u00f4ne de neige, quant \u00e0 elle, a \u00e9t\u00e9 observ\u00e9e en juin 2021, mais n\u2019a pas \u00e9t\u00e9 revue depuis.<\/p>\n<h4>Homard<\/h4>\n<p>Une baleine noires nomm\u00e9e \u00ab Homard \u00bb, num\u00e9ro 3232 dans le <a href=\"http:\/\/rwcatalog.neaq.org\/#\/\">Catalogue de photo-identification des baleines noires de l\u2019Atlantique Nord<\/a> et son jeune veau ont \u00e9t\u00e9 observ\u00e9s dans les eaux de la Nouvelle-\u00c9cosse pr\u00e8s de l\u2019\u00eele Brier en mai 2021. Cela repr\u00e9sente 18\u00a0jeunes veaux rep\u00e9r\u00e9s d\u00e9but juin, le plus grand nombre depuis 2015. Il y a quelques dizaines d\u2019ann\u00e9es, le nombre moyen d\u2019observations par an \u00e9tait d\u2019environ\u00a023. \u00c9tonnamment, il n\u2019y avait eu au total que 22\u00a0observations de veaux au cours des quatre ann\u00e9es pr\u00e9c\u00e9dentes.<\/p>\n<p>On pense qu\u2019il s\u2019agit du deuxi\u00e8me veau de Homard. Elle a donn\u00e9 naissance \u00e0 son premier veau en 2015, \u00e0 l\u2019\u00e2ge de 13 ans. Les m\u00e8res baleines noires sont g\u00e9n\u00e9ralement d\u00e9tect\u00e9es initialement dans la zone de v\u00ealage au sud, mais Homard est parmi un nombre croissant de m\u00e8res baleines vues pour la premi\u00e8re fois avec un veau bien au nord de cette zone. Les chercheurs avancent l\u2019hypoth\u00e8se qu\u2019elle pourrait \u00e9galement avoir accouch\u00e9 de son deuxi\u00e8me veau dans des eaux plus septentrionales. Une grande controverse existe sur la question de savoir si cela repr\u00e9sente une tendance vers le nord, comme nous l\u2019avons vu avec les zones d\u2019alimentation.<\/p>\n<p>Homard, nomm\u00e9e ainsi en raison des cornes sur sa t\u00eate qui ressemblent distinctement \u00e0 un homard avec des pinces, est n\u00e9e en 2002. Fr\u00e9quentant la baie de Fundy pendant ses 10\u00a0premi\u00e8res ann\u00e9es d\u2019existence, elle a \u00e9t\u00e9 r\u00e9guli\u00e8rement aper\u00e7ue depuis 2017 dans le golfe du Saint-Laurent. Fait int\u00e9ressant, en 2021, elle a \u00e9t\u00e9 rep\u00e9r\u00e9e dans la baie de Fundy, peut-\u00eatre en route vers la r\u00e9gion du Golfe.<\/p>\n<h3>Ce que VOUS pouvez faire<\/h3>\n<p><strong>Signez notre p\u00e9tition! <\/strong><a href=\"https:\/\/cwf-fcf.org\/fr\/explorer\/plan-action-marin\/?src=blog\" target=\"_blank\" rel=\"noopener noreferrer\">Soutenez le Plan d\u2019action marin de la FCF<\/a> \u2013 Le PAM est un plan de conservation majeur con\u00e7u pour rendre les oc\u00e9ans du Canada plus s\u00e9curitaires pour la faune marine. Nous demandons au gouvernement canadien de continuer \u00e0 investir dans la recherche et les programmes qui peuvent nous aider \u00e0 mieux comprendre l\u2019aire de r\u00e9partition et le mouvement des mammif\u00e8res marins. Pour assurer leur survie, il est essentiel de savoir o\u00f9 sont ces animaux majestueux. Apportez votre voix et aidez-nous \u00e0 obtenir le soutien dont nous avons besoin pour prot\u00e9ger et conserver les animaux marins.<\/p>\n<h4>Apprenez-en davantage sur <a href=\"https:\/\/cwf-fcf.org\/fr\/explorer\/baleine-noire\/baleine-noire-de-latlantique.html?src=menu\" target=\"_blank\" rel=\"noopener noreferrer\">la baleine noire de l\u2019Atlantique Nord<\/a> en voie de disparition et le <a href=\"https:\/\/cwf-fcf.org\/fr\/explorer\/plan-action-marin\/?src=blog\" target=\"_blank\" rel=\"noopener noreferrer\">Plan d\u2019action marin de la FCF<\/a>.<\/h4>\n<p>&nbsp;<\/p>\n","protected":false},"excerpt":{"rendered":"<div class=\"post-excerpt\">Les eaux chaudes et peu profondes au large du nord de la Floride, de la G\u00e9orgie, de la Caroline du Nord et de la Caroline du Sud, sont l\u2019endroit o\u00f9&hellip;<\/div>\n","protected":false},"author":123,"featured_media":5890,"comment_status":"open","ping_status":"open","sticky":false,"template":"","format":"standard","meta":{"_exactmetrics_skip_tracking":false,"_exactmetrics_sitenote_active":false,"_exactmetrics_sitenote_note":"","_exactmetrics_sitenote_category":0,"footnotes":""},"categories":[802,792],"tags":[1089,1056,8653],"class_list":["post-9764","post","type-post","status-publish","format-standard","has-post-thumbnail","hentry","category-cotes-oceans","category-especes-en-peril","tag-empetrement","tag-baleine-noire","tag-plan-daction-marin"],"_links":{"self":[{"href":"https:\/\/blog.cwf-fcf.org\/index.php\/wp-json\/wp\/v2\/posts\/9764","targetHints":{"allow":["GET"]}}],"collection":[{"href":"https:\/\/blog.cwf-fcf.org\/index.php\/wp-json\/wp\/v2\/posts"}],"about":[{"href":"https:\/\/blog.cwf-fcf.org\/index.php\/wp-json\/wp\/v2\/types\/post"}],"author":[{"embeddable":true,"href":"https:\/\/blog.cwf-fcf.org\/index.php\/wp-json\/wp\/v2\/users\/123"}],"replies":[{"embeddable":true,"href":"https:\/\/blog.cwf-fcf.org\/index.php\/wp-json\/wp\/v2\/comments?post=9764"}],"version-history":[{"count":1,"href":"https:\/\/blog.cwf-fcf.org\/index.php\/wp-json\/wp\/v2\/posts\/9764\/revisions"}],"predecessor-version":[{"id":9765,"href":"https:\/\/blog.cwf-fcf.org\/index.php\/wp-json\/wp\/v2\/posts\/9764\/revisions\/9765"}],"wp:featuredmedia":[{"embeddable":true,"href":"https:\/\/blog.cwf-fcf.org\/index.php\/wp-json\/wp\/v2\/media\/5890"}],"wp:attachment":[{"href":"https:\/\/blog.cwf-fcf.org\/index.php\/wp-json\/wp\/v2\/media?parent=9764"}],"wp:term":[{"taxonomy":"category","embeddable":true,"href":"https:\/\/blog.cwf-fcf.org\/index.php\/wp-json\/wp\/v2\/categories?post=9764"},{"taxonomy":"post_tag","embeddable":true,"href":"https:\/\/blog.cwf-fcf.org\/index.php\/wp-json\/wp\/v2\/tags?post=9764"}],"curies":[{"name":"wp","href":"https:\/\/api.w.org\/{rel}","templated":true}]}}