{"id":7902,"date":"2020-06-23T18:52:18","date_gmt":"2020-06-23T18:52:18","guid":{"rendered":"https:\/\/blog.cwf-fcf.org\/?p=7902"},"modified":"2020-07-23T15:11:19","modified_gmt":"2020-07-23T15:11:19","slug":"ce-que-jaime-au-sujet-de-mon-jardin-certifie-habitat-accueillant-pour-la-faune","status":"publish","type":"post","link":"https:\/\/blog.cwf-fcf.org\/index.php\/fr\/ce-que-jaime-au-sujet-de-mon-jardin-certifie-habitat-accueillant-pour-la-faune\/","title":{"rendered":"Ce que j&#8217;aime au sujet de mon jardin certifi\u00e9 \u00ab Habitat accueillant pour la faune \u00bb"},"content":{"rendered":"<p><em><span lang=\"FR-CA\">La blogueuse invit\u00e9e Liz Lore est une artiste et une jardini\u00e8re certifi\u00e9e accueillante pour la faune par la FCF.<\/span><\/em><\/p>\n<h2><span lang=\"FR-CA\">Il y a cinq ans, j&#8217;ai d\u00e9m\u00e9nag\u00e9 du sud de l&#8217;Angleterre au sud-ouest de la Nouvelle-\u00c9cosse.<\/span><\/h2>\n<div class=\"gallery gallery-grid\"><div class=\"row\"><div class='gallery-item col-md-6'><figure><a href='https:\/\/blog.cwf-fcf.org\/wp-content\/uploads\/2020\/06\/liz-lore-house-before-1.jpg'><img loading=\"lazy\" decoding=\"async\" width=\"440\" height=\"290\" src=\"https:\/\/blog.cwf-fcf.org\/wp-content\/uploads\/2020\/06\/liz-lore-house-before-1-440x290.jpg\" class=\"attachment-thumbnail size-thumbnail\" alt=\"\" aria-describedby=\"gallery-1-7906\" \/><\/a>\n          <figcaption class='wp-caption-text gallery-caption' id='gallery-1-7906'>\n          Avant\n          <\/figcaption><\/figure><\/div><div class='gallery-item col-md-6'><figure><a href='https:\/\/blog.cwf-fcf.org\/wp-content\/uploads\/2020\/06\/liz-lore-house-with-sun-1.jpg'><img loading=\"lazy\" decoding=\"async\" width=\"440\" height=\"290\" src=\"https:\/\/blog.cwf-fcf.org\/wp-content\/uploads\/2020\/06\/liz-lore-house-with-sun-1-440x290.jpg\" class=\"attachment-thumbnail size-thumbnail\" alt=\"\" aria-describedby=\"gallery-1-7907\" \/><\/a>\n          <figcaption class='wp-caption-text gallery-caption' id='gallery-1-7907'>\n          Apr\u00e8s\n          <\/figcaption><\/figure><\/div><\/div><\/div>\n<p>Je vis maintenant en Nouvelle-\u00c9cosse, sur une bande de terre cern\u00e9e de deux baies. Depuis un jardin clos de 1012\u00a0m<sup>2<\/sup> dans le Dorset, dans lequel j&#8217;avais plant\u00e9 de vieux rosiers de France, des figuiers, des cognassiers et des noisetiers, j&#8217;ai d\u00e9m\u00e9nag\u00e9 dans cette maison patrimoniale qui se dresse sur Angry Hill. Ici, la douce brise estivale laisse place aux coups de vent du sud, qui fouettent 18\u00a0hectares de terrain autour de ma maison.<\/p>\n<p><img loading=\"lazy\" decoding=\"async\" class=\"aligncenter size-full wp-image-7750\" src=\"https:\/\/blog.cwf-fcf.org\/wp-content\/uploads\/2020\/06\/liz-lore-field.jpg\" sizes=\"auto, (max-width: 908px) 100vw, 908px\" srcset=\"https:\/\/blog.cwf-fcf.org\/wp-content\/uploads\/2020\/06\/liz-lore-field.jpg 908w, https:\/\/blog.cwf-fcf.org\/wp-content\/uploads\/2020\/06\/liz-lore-field-640x426.jpg 640w, https:\/\/blog.cwf-fcf.org\/wp-content\/uploads\/2020\/06\/liz-lore-field-768x512.jpg 768w, https:\/\/blog.cwf-fcf.org\/wp-content\/uploads\/2020\/06\/liz-lore-field-530x353.jpg 530w\" alt=\"liz lore field nova scotia\" width=\"908\" height=\"605\" \/><\/p>\n<p>Ma premi\u00e8re priorit\u00e9 a \u00e9t\u00e9 de mettre en place des plantes brise-vent survivraient dans ces conditions! J&#8217;ai esquiss\u00e9 un plan pour int\u00e9grer ma maison au paysage. <em>Rosa rugosa<\/em> <em>alba <\/em>\u00e9tait le choix naturel. Ce rosier rugueux prot\u00e8ge les plantes des bordures et son parfum vieillot est merveilleux les jours d&#8217;\u00e9t\u00e9.<\/p>\n<p><img loading=\"lazy\" decoding=\"async\" class=\"aligncenter size-standard wp-image-7751\" src=\"https:\/\/blog.cwf-fcf.org\/wp-content\/uploads\/2020\/06\/liz-lore-garden-edge-993x640.jpg\" alt=\"liz lore\" width=\"993\" height=\"640\" \/><\/p>\n<p>Si vous coupez les fleurs fan\u00e9es r\u00e9guli\u00e8rement, il vous r\u00e9compensera en fleurissant tout au long de l&#8217;\u00e9t\u00e9, au grand plaisir des abeilles, et surtout des bourdons. Ces pollinisateurs se jettent sur ces beaux p\u00e9tales de l&#8217;aube au cr\u00e9puscule, et leur bourdonnement amplifi\u00e9 sonne comme un concert de trompettes. Et en automne, si vous aimez faire des confitures, les fruits de ces rosiers sont un r\u00e9gal pour vous comme pour les cerfs.<\/p>\n<p>Les rosiers sont facilement contr\u00f4l\u00e9s par le retrait des nouvelles cannes ind\u00e9sirables. Il suffit de les couper \u00e0 la base. Si la vari\u00e9t\u00e9 <em>alba<\/em> est trop sauvage \u00e0 votre go\u00fbt, optez pour la vari\u00e9t\u00e9 <em>rosa<\/em> \u00ab\u00a0Blanc Double de Coubert\u00a0\u00bb, si vous arrivez \u00e0 la trouver. Il s&#8217;agit d&#8217;un rosier semi-double, avec le m\u00eame parfum envo\u00fbtant et un peu plus voyant.<\/p>\n<p>Les derniers bois \u00e0 sept \u00e9corces ont des fleurs et un feuillage printaniers tardifs dont l&#8217;\u00e9corce varie du bordeaux au cuivre et du jaune soufre au vert citron. Offrez-leur un lieu ensoleill\u00e9 et ils serviront \u00e0 la fois de brise-vent et de toile de fond aux couleurs magnifiques. Et en plus, ce sont des durs \u00e0 cuire. L&#8217;ann\u00e9e derni\u00e8re, le physocarpe \u00e0 feuilles d&#8217;obier <em>Physocarpus opulifolius<\/em> s&#8217;est \u00e9panoui admirablement, avec une floraison printani\u00e8re et un beau feuillage bordeaux qui devient flamboyant lorsque le soleil l&#8217;\u00e9claire \u00e0 contre-jour.<\/p>\n<h3>Le jardin est mon sanctuaire matinal<\/h3>\n<p><img loading=\"lazy\" decoding=\"async\" class=\"aligncenter size-standard wp-image-7757\" src=\"https:\/\/blog.cwf-fcf.org\/wp-content\/uploads\/2020\/06\/liz-lore-salvia-1100x640.jpg\" alt=\"liz lore\" width=\"1100\" height=\"640\" \/><\/p>\n<p>En ces temps difficiles, o\u00f9 l&#8217;on nous demande de rester chez nous pour prot\u00e9ger notre propre vie et celle de nos voisins, mon jardin est devenu mon sanctuaire. Une tasse de caf\u00e9 ou de th\u00e9 \u00e0 la main, s&#8217;il n&#8217;y a pas de coup de vent ou qu&#8217;il ne pleut pas des cordes, je fais le tour dans ma propri\u00e9t\u00e9.<\/p>\n<p>Chaque jour est un peu diff\u00e9rent. Au d\u00e9but du printemps, il est facile de faire l&#8217;inventaire des nouveaux commencements\u00a0: les boutons de rose verts des sedums, les feuilles de tulipes et des jonquilles poussant \u00e0 travers le paillis, les pousses de pivoine d&#8217;un rouge profond pointant vers le ciel. M\u00eame les feuilles des h\u00e9m\u00e9rocalles commencent \u00e0 se d\u00e9velopper.<\/p>\n<p>La nature est optimiste et les rayons du soleil plus puissants du mois de mars encouragent les \u00e9rables \u00e0 montrer leurs bourgeons de cuivre et les saules \u00e0 \u00e9tirer leurs tiges rouges et brillantes. Bient\u00f4t, je couperai toutes les branches et tiges fl\u00e9tries qui ont prot\u00e9g\u00e9 les insectes pendant l&#8217;hiver. Chaque ann\u00e9e est diff\u00e9rente, selon la rigueur de l&#8217;hiver, la s\u00e9cheresse du sol et le froid.<\/p>\n<p>J&#8217;ai la chance de disposer \u00e0 la fois d&#8217;un marais en bordure de ma prairie et d&#8217;une zone humide o\u00f9 une source naturelle coule toute l&#8217;ann\u00e9e, de sorte que la menthe aquatique et les gramin\u00e9es sont toujours vertes, m\u00eame dans cette r\u00e9gion de Zone\u00a05. L&#8217;eau y coule, claire et froide, et j&#8217;ai plant\u00e9 quelques branches de saule jaune, directement dans la boue, il y a deux\u00a0ans. Elles mesurent trois\u00a0m\u00e8tres de haut et s&#8217;\u00e9panouissent au soleil au d\u00e9but du printemps. Les oiseaux se rassemblent autour de la zone humide\u00a0\u2013 et on les entend du haut de la colline et de la route. Un voisin m&#8217;a fait remarquer la cacophonie des cardinaux, des \u00e9tourneaux, des m\u00e9sanges, des parulines jaunes et parfois d&#8217;un faisan rauque.<\/p>\n<p>Plus tard au printemps, les b\u00e9casses, avec leur appel myst\u00e9rieux cr\u00e9\u00e9 par l&#8217;air d\u00e9ferlant sur leurs ailes, plongeront \u00e9l\u00e9gamment dans les champs. La zone mar\u00e9cageuse abrite des rainettes crucif\u00e8res, qui chantent du d\u00e9but de la soir\u00e9e jusqu&#8217;\u00e0 la tomb\u00e9e de la nuit, leur volume et leur nombre orchestr\u00e9s par la temp\u00e9rature de l&#8217;air.<\/p>\n<p>Bient\u00f4t, il sera impossible de faire le suivi de l&#8217;inventaire, avec autant d&#8217;activit\u00e9! Les bruants chanteurs, avec leurs rayures fantaisie, voltigent \u00e0 travers les arbustes et les sous-bois, o\u00f9 les rosiers \u00e9pineux les prot\u00e8gent des chats et des faucons maraudeurs.<\/p>\n<h3>Miracle de la nature\u00a0\u2013 plantez-les pour embellir votre jardin<\/h3>\n<p>Si vous plantez les bonnes plantes au bon endroit, vous attirerez certains animaux dans votre jardin. Il y a deux ans, j&#8217;ai remarqu\u00e9 une fleur solitaire dans un champ pr\u00e8s de la maison. Elle ressemblait \u00e0 un pissenlit, en plus grand, mais ne s&#8217;ouvrait que le matin. Les fleurs \u00e9taient comme des marguerites jaunes, se balan\u00e7ant parmi les herbes sur leurs tiges filiformes et d\u00e9charn\u00e9es. Alors qu&#8217;elles se fanaient, un couple de chardonnerets jaunes est soudainement apparu, picorant les inflorescences et lib\u00e9rant ce qui ressemblait \u00e0 du duvet.<\/p>\n<p>J&#8217;ai recherch\u00e9 le nom de la plante et d\u00e9couvert qu&#8217;il s&#8217;agissait de salsifis des pr\u00e9s. Je l&#8217;ai laiss\u00e9 se ressemer dans une zone, et maintenant, chaque ann\u00e9e, au moins trois douzaines de pinsons dor\u00e9s descendent dans ce carr\u00e9 tous les matins du d\u00e9but au milieu de l&#8217;\u00e9t\u00e9. Il y a tant d&#8217;oiseaux qui dansent dans l&#8217;herbe qu&#8217;ils ressemblent \u00e0 des d\u00e9corations de No\u00ebl champ\u00eatres! Je suis tr\u00e8s honor\u00e9e de recevoir leur visite et de voir qu&#8217;ils se nourrissent de quelque chose qui pousse naturellement.<\/p>\n<p><img loading=\"lazy\" decoding=\"async\" class=\"aligncenter size-standard wp-image-7758\" src=\"https:\/\/blog.cwf-fcf.org\/wp-content\/uploads\/2020\/06\/liz-lore-coneflowers-981x640.jpg\" alt=\"liz lore\" width=\"981\" height=\"640\" \/><\/p>\n<p>Une autre surprise merveilleuse a \u00e9t\u00e9 ma plantation d&#8217;ascl\u00e9piades tub\u00e9reuses il y a deux ans. Achet\u00e9es dans un march\u00e9 de producteurs locaux, ces deux plantes sont mont\u00e9es en tige tr\u00e8s tard et ce n&#8217;est que l&#8217;ann\u00e9e derni\u00e8re qu&#8217;elles ont fleuri. J&#8217;ai \u00e9t\u00e9 surprise lorsque leurs inflorescences rose sombre sont apparues, ravissantes, \u00e0 c\u00f4t\u00e9 de la sauge pourpre <em>Carradonna<\/em>.<\/p>\n<p>Et j&#8217;ai \u00e9t\u00e9 choqu\u00e9e de trouver non pas un, mais deux papillons monarques voletant le long de la bordure fleurie. Ils semblaient savoir que cette plante les attendait!<\/p>\n<p>Et \u00e0 mesure que l&#8217;\u00e9t\u00e9 avan\u00e7ait, j&#8217;ai remarqu\u00e9 que quelque chose rongeait les feuilles de la plante, laissant de gros trous en forme de U. En regardant de plus pr\u00e8s, j&#8217;ai vu une grosse chenille jaune, noire et verte, d\u00e9truisant les feuilles. Et il n&#8217;y avait pas\u00a0 une, mais 13\u00a0chenilles de papillons monarques sur deux jeunes plantes! Je n&#8217;ai pas vu de chrysalides, et cette ann\u00e9e je les prot\u00e9gerai en les mettant dans un aquarium, avec quelques feuilles, afin qu&#8217;elles ne deviennent pas la proie d&#8217;autres animaux sauvages.<\/p>\n<p><img loading=\"lazy\" decoding=\"async\" class=\"aligncenter size-full wp-image-7756\" src=\"https:\/\/blog.cwf-fcf.org\/wp-content\/uploads\/2020\/06\/liz-lore-monarch-caterpillar.jpg\" sizes=\"auto, (max-width: 698px) 100vw, 698px\" srcset=\"https:\/\/blog.cwf-fcf.org\/wp-content\/uploads\/2020\/06\/liz-lore-monarch-caterpillar.jpg 698w, https:\/\/blog.cwf-fcf.org\/wp-content\/uploads\/2020\/06\/liz-lore-monarch-caterpillar-640x427.jpg 640w, https:\/\/blog.cwf-fcf.org\/wp-content\/uploads\/2020\/06\/liz-lore-monarch-caterpillar-530x354.jpg 530w\" alt=\"liz lore\" width=\"698\" height=\"466\" \/><\/p>\n<p>C&#8217;est la m\u00eame chose avec les digitales, les onagres et les asters indig\u00e8nes. Je les laisse se ressemer, comblant les lacunes de ma fronti\u00e8re, pour maintenir les bruants chanteurs, les troglodytes, les colibris et les abeilles occup\u00e9s toute la journ\u00e9e. Les plantes qui se sentent chez elles se multiplient, et bient\u00f4t vous aurez des fleurs pour votre prochain projet de lisi\u00e8re de propri\u00e9t\u00e9, ou pour votre voisin qui se lance dans le jardinage. Nous pouvons tous apprendre de la g\u00e9n\u00e9rosit\u00e9 de m\u00e8re nature.<\/p>\n<h3>Des mauvaises herbes fantaisie, color\u00e9es \u00e0 longueur de saison, pour vos pollinisateurs<\/h3>\n<p>En tant qu&#8217;artiste peintre, la couleur est mon inspiration cr\u00e9ative et un incontournable en toute saison dans mon jardin. Votre jardin n&#8217;a pas \u00e0 para\u00eetre en d\u00e9sordre pendant huit\u00a0mois de l&#8217;ann\u00e9e, comme la prairie qui se ternit en teintes brun\u00e2tres. Avec une \u00e9pine dorsale d&#8217;arbustes \u00e0 feuilles persistantes et \u00e0 feuilles caduques offrant un int\u00e9r\u00eat \u00e0 longueur d&#8217;ann\u00e9e, vous obtenez une toile de fond charmante pour vos plantations vivaces et annuelles que vous mettez en vedette. Et nourrir la faune suppose d&#8217;assouplir un peu les r\u00e8gles.<\/p>\n<p><img loading=\"lazy\" decoding=\"async\" class=\"aligncenter size-full wp-image-7752\" src=\"https:\/\/blog.cwf-fcf.org\/wp-content\/uploads\/2020\/06\/liz-lore-trout-cove.jpg\" sizes=\"auto, (max-width: 811px) 100vw, 811px\" srcset=\"https:\/\/blog.cwf-fcf.org\/wp-content\/uploads\/2020\/06\/liz-lore-trout-cove.jpg 811w, https:\/\/blog.cwf-fcf.org\/wp-content\/uploads\/2020\/06\/liz-lore-trout-cove-640x458.jpg 640w, https:\/\/blog.cwf-fcf.org\/wp-content\/uploads\/2020\/06\/liz-lore-trout-cove-768x550.jpg 768w, https:\/\/blog.cwf-fcf.org\/wp-content\/uploads\/2020\/06\/liz-lore-trout-cove-530x380.jpg 530w\" alt=\"liz lore\" width=\"811\" height=\"581\" \/><\/p>\n<p>Les pissenlits sont la premi\u00e8re chose qui appara\u00eet dans ma pelouse et sont souvent la SEULE plante mellif\u00e8re disponible pour les abeilles au d\u00e9but du printemps. J&#8217;en laisse donc une \u00e9norme bande, et des insectes de toutes les couleurs, notamment des syrphes, des bourdons, des abeilles et les premiers papillons, se r\u00e9galent de leurs fleurs jaune fluo. Les pissenlits sont compl\u00e9t\u00e9s par les jonquilles, puis les premi\u00e8res fleurs des pommetiers.<\/p>\n<p><img loading=\"lazy\" decoding=\"async\" class=\"aligncenter size-standard wp-image-7754\" src=\"https:\/\/blog.cwf-fcf.org\/wp-content\/uploads\/2020\/06\/liz-lore-wildflowers-983x640.jpg\" alt=\"liz lore\" width=\"983\" height=\"640\" \/><\/p>\n<p>Une fois que d&#8217;autres plantes commencent \u00e0 fleurir, je commence \u00e0 tondre ma pelouse. Les baptisies bleues\u00a0\u2013 <em>Baptisia australis<\/em>\u00a0\u2013 sont \u00e9galement l&#8217;une de mes plantes vivaces pr\u00e9f\u00e9r\u00e9es. Elles sont tr\u00e8s th\u00e9\u00e2trales au printemps, avec leurs tiges semblables \u00e0 des asperges qui jaillissent du sol. Elles fleurissent \u00e0 c\u00f4t\u00e9 des tulipes et des alliums, et leurs jolies tiges \u00e0 fleurs bleues sont comme des aimants pour la faune, notamment les abeilles d\u00e9sesp\u00e9r\u00e9ment en qu\u00eate de pollen au d\u00e9but du printemps. Elles ressemblent \u00e0 des lupins, sont faciles \u00e0 cultiver et am\u00e9liorent le sol en fixant l&#8217;azote. Si vous les laissez tranquilles, vous aurez trois ans plus tard une plante vivace de bonne taille. \u00c0 l&#8217;automne, le feuillage devient jaune beurre et les fleurs peuvent produire un hochet de graines. Ce sont des amoureuses du soleil, qui tol\u00e8rent \u00e9galement un peu d&#8217;ombre.<\/p>\n<p>J&#8217;ai construit un petit mur de pierre autour d&#8217;une terrasse orient\u00e9e plein sud, et les abeilles hivernent parmi ses coins et ses recoins. Dans les crevasses, j&#8217;ai plant\u00e9 de l&#8217;\u00e6thion\u00e8me des rochers, un phlox rose pr\u00e9coce qui fleurit pendant pr\u00e8s de six\u00a0semaines au printemps. Chaque ann\u00e9e, je mets de c\u00f4t\u00e9 \u00e9galement un petit tas de bois, apr\u00e8s avoir empil\u00e9 la majeure partie dans la cave\u00a0: une dizaine de b\u00fbches demeurent ainsi dans le jardin, pour encourager les insectes, les campagnols, etc., \u00e0 s&#8217;y \u00e9tablir pendant l&#8217;hiver.<\/p>\n<p><img loading=\"lazy\" decoding=\"async\" class=\"aligncenter size-standard wp-image-7755\" src=\"https:\/\/blog.cwf-fcf.org\/wp-content\/uploads\/2020\/06\/liz-lore-garden-and-house-992x640.jpg\" alt=\"liz lore\" width=\"992\" height=\"640\" \/><\/p>\n<p>\u00c0 l&#8217;automne, j&#8217;ai laiss\u00e9 des asters envahir la fronti\u00e8re, m\u00eame fin octobre, o\u00f9 ils seront butin\u00e9s par les abeilles lors d&#8217;un dernier repas avant l&#8217;hiver.<\/p>\n<p>Alors, ayez le courage de remplir la lisi\u00e8re de votre propri\u00e9t\u00e9 d&#8217;arbustes fleuris aim\u00e9s de la faune. Plus il y en aura, plus ce sera joyeux. Vous aurez de cette fa\u00e7on moins de travail et toute la joie d&#8217;un jardin de campagne. Lorsque j&#8217;ach\u00e8te des plantes ou que je les cultive \u00e0 partir de graines, je me demande comment elles soutiendront la faune. S&#8217;agit-il d&#8217;un hybride fantaisie dont la couleur ou la forme ne sera pas reconnue et n&#8217;attirera par les abeilles ou les oiseaux? J&#8217;aime mon jardin pr\u00e9cis\u00e9ment parce que la faune l&#8221;aime. M\u00eame les vers gris, qui ressemblent \u00e0 de grosses limaces cr\u00e9meuses et provoquent des taches brunes dans l&#8217;herbe, attirent et nourrissent des groupes d&#8217;\u00e9tourneaux au printemps et des mouffettes au d\u00e9but de l&#8217;\u00e9t\u00e9.<\/p>\n<p><img loading=\"lazy\" decoding=\"async\" class=\"aligncenter size-full wp-image-7759\" src=\"https:\/\/blog.cwf-fcf.org\/wp-content\/uploads\/2020\/06\/liz-lore-lilies.jpg\" sizes=\"auto, (max-width: 887px) 100vw, 887px\" srcset=\"https:\/\/blog.cwf-fcf.org\/wp-content\/uploads\/2020\/06\/liz-lore-lilies.jpg 887w, https:\/\/blog.cwf-fcf.org\/wp-content\/uploads\/2020\/06\/liz-lore-lilies-640x427.jpg 640w, https:\/\/blog.cwf-fcf.org\/wp-content\/uploads\/2020\/06\/liz-lore-lilies-768x513.jpg 768w, https:\/\/blog.cwf-fcf.org\/wp-content\/uploads\/2020\/06\/liz-lore-lilies-530x354.jpg 530w\" alt=\"liz lore\" width=\"887\" height=\"592\" \/><\/p>\n<p>Repaissez-vous de la g\u00e9n\u00e9rosit\u00e9 de la nature et du r\u00e9confort qu&#8217;elle procure en suscitant de l&#8217;espoir. Je suis fi\u00e8re que mon jardin certifi\u00e9 soit un paradis pour la flore et la faune. Vous pouvez faire une diff\u00e9rence d\u00e8s aujourd&#8217;hui. Achetez un sachet de semences de fleurs \u00e0 saupoudrer dans un espace \u00e0 la lisi\u00e8re de votre propri\u00e9t\u00e9, ou commencez par quelques jeunes plants achet\u00e9s la p\u00e9pini\u00e8re locale que vous savez que les oiseaux et les abeilles adorent.<\/p>\n<p>Apprenez \u00e0 vivre et \u00e0 laisser vivre, et votre faune locale vous en sera \u00e9ternellement reconnaissante.<\/p>\n<h4>Apprenez-en plus sur la certification de votre <a href=\"https:\/\/cwf-fcf.org\/fr\/explorer\/jardinage-pour-la-faune\/action\/faire_certifier_son_espace_exterieur\/\">jardin accueillant pour la faune<\/a> ou le <a href=\"https:\/\/cwf-fcf.org\/fr\/explorer\/jardinage-pour-la-faune\/\">jardinage pour la faune<\/a>.<\/h4>\n<p>&nbsp;<\/p>\n","protected":false},"excerpt":{"rendered":"<div class=\"post-excerpt\">La blogueuse invit\u00e9e Liz Lore est une artiste et une jardini\u00e8re certifi\u00e9e accueillante pour la faune par la FCF. Il y a cinq ans, j&#8217;ai d\u00e9m\u00e9nag\u00e9 du sud de l&#8217;Angleterre&hellip;<\/div>\n","protected":false},"author":117,"featured_media":7761,"comment_status":"open","ping_status":"open","sticky":false,"template":"","format":"standard","meta":{"_exactmetrics_skip_tracking":false,"_exactmetrics_sitenote_active":false,"_exactmetrics_sitenote_note":"","_exactmetrics_sitenote_category":0,"footnotes":""},"categories":[796,798,794],"tags":[8416,2034,8445],"class_list":["post-7902","post","type-post","status-publish","format-standard","has-post-thumbnail","hentry","category-education-fr","category-jardinage","category-contact-avec-la-nature","tag-jardin-en-vedette","tag-jardinage-pour-la-faune","tag-jardiniere-certifiee"],"_links":{"self":[{"href":"https:\/\/blog.cwf-fcf.org\/index.php\/wp-json\/wp\/v2\/posts\/7902","targetHints":{"allow":["GET"]}}],"collection":[{"href":"https:\/\/blog.cwf-fcf.org\/index.php\/wp-json\/wp\/v2\/posts"}],"about":[{"href":"https:\/\/blog.cwf-fcf.org\/index.php\/wp-json\/wp\/v2\/types\/post"}],"author":[{"embeddable":true,"href":"https:\/\/blog.cwf-fcf.org\/index.php\/wp-json\/wp\/v2\/users\/117"}],"replies":[{"embeddable":true,"href":"https:\/\/blog.cwf-fcf.org\/index.php\/wp-json\/wp\/v2\/comments?post=7902"}],"version-history":[{"count":3,"href":"https:\/\/blog.cwf-fcf.org\/index.php\/wp-json\/wp\/v2\/posts\/7902\/revisions"}],"predecessor-version":[{"id":7908,"href":"https:\/\/blog.cwf-fcf.org\/index.php\/wp-json\/wp\/v2\/posts\/7902\/revisions\/7908"}],"wp:featuredmedia":[{"embeddable":true,"href":"https:\/\/blog.cwf-fcf.org\/index.php\/wp-json\/wp\/v2\/media\/7761"}],"wp:attachment":[{"href":"https:\/\/blog.cwf-fcf.org\/index.php\/wp-json\/wp\/v2\/media?parent=7902"}],"wp:term":[{"taxonomy":"category","embeddable":true,"href":"https:\/\/blog.cwf-fcf.org\/index.php\/wp-json\/wp\/v2\/categories?post=7902"},{"taxonomy":"post_tag","embeddable":true,"href":"https:\/\/blog.cwf-fcf.org\/index.php\/wp-json\/wp\/v2\/tags?post=7902"}],"curies":[{"name":"wp","href":"https:\/\/api.w.org\/{rel}","templated":true}]}}