{"id":7528,"date":"2020-05-04T06:58:43","date_gmt":"2020-05-04T06:58:43","guid":{"rendered":"http:\/\/blog.cwf-fcf.org\/?p=7528"},"modified":"2020-05-05T20:42:08","modified_gmt":"2020-05-05T20:42:08","slug":"rc-oiseaux-migrateurs-en-plein-vol","status":"publish","type":"post","link":"https:\/\/blog.cwf-fcf.org\/index.php\/fr\/rc-oiseaux-migrateurs-en-plein-vol\/","title":{"rendered":"Oiseaux migrateurs : en plein vol"},"content":{"rendered":"<h2>Vous voulez en savoir plus sur les oiseaux migrateurs? Nul besoin de battre de l\u2019aile!<\/h2>\n<p>Pour c\u00e9l\u00e9brer la Journ\u00e9e mondiale des oiseaux migrateurs, nous avons assembl\u00e9 une s\u00e9rie de vid\u00e9os, d\u2019activit\u00e9s et de projets \u00e0 faire \u00e0 la maison qui vous aideront \u00e0 en savoir plus sur nos amis les oiseaux et \u00e0 adopter des mesures pour soutenir leur conservation.<a name=\"watch\"><\/a><\/p>\n<h3>Regardez<\/h3>\n<p>En 1917, le Canada a sign\u00e9 la <em>Loi sur la Convention concernant les oiseaux migrateurs<\/em>, une loi visant \u00e0 prot\u00e9ger les <a href=\"https:\/\/fr.wikipedia.org\/wiki\/Migration_des_oiseaux\">oiseaux migrateurs<\/a> contre la <a href=\"https:\/\/fr.wikipedia.org\/wiki\/Chasse\">chasse<\/a>, la <a href=\"https:\/\/fr.wikipedia.org\/wiki\/Contrebande\">contrebande<\/a> et la commercialisation. Regardez cet \u00e9pisode Web de Faune et flore du pays pour en savoir plus sur cette initiative mondiale historique et sur les raisons pour lesquelles il est encore important aujourd\u2019hui de conserver ces oiseaux.<\/p>\n<div class=\"embed embed-responsive embed-responsive-16by9\"><iframe loading=\"lazy\" title=\"Centenaire de la Convention concernant les oiseaux migrateurs (30 secondes)\" width=\"1170\" height=\"658\" src=\"https:\/\/www.youtube.com\/embed\/QOofWXunrJE?feature=oembed\" frameborder=\"0\" allow=\"accelerometer; autoplay; encrypted-media; gyroscope; picture-in-picture\" allowfullscreen><\/iframe><\/div>\n<p><a name=\"learn\"><\/a><\/p>\n<h3>Apprenez<\/h3>\n<p><img decoding=\"async\" class=\"image aligncenter\" src=\"https:\/\/cwf-fcf.org\/fr\/ressources\/pour-enseignants\/materiels-pedagogiques\/dans-larriere-cour-invitante-loiseau-chante\/images\/img5.png\" alt=\"Img5\" \/><\/p>\n<p>Les familles peuvent parfaire leurs connaissances sur les oiseaux gr\u00e2ce \u00e0 ces le\u00e7ons et activit\u00e9s interactives. Exercez vos talents d\u2019observation en apprenant \u00e0 reconna\u00eetre les principales caract\u00e9ristiques des oiseaux, identifiez certaines esp\u00e8ces qui vivent dans votre r\u00e9gion et tracez leurs parcours migratoires!<\/p>\n<ul>\n<li><a href=\"https:\/\/cwf-fcf.org\/fr\/ressources\/pour-enseignants\/lecons\/avoir-loiseau-a-loeil.html\">Avoir l\u2019oiseau \u00e0 l\u2019\u0153il<\/a> \u2013 Exercez vos talents d\u2019observation en apprenant \u00e0 reconna\u00eetre les comportements et caract\u00e9ristiques de base des oiseaux.<\/li>\n<li><a href=\"https:\/\/cwf-fcf.org\/fr\/ressources\/pour-enseignants\/lecons\/aire-de-dispersion.html\">Aire de dispersion <\/a>\u00a0\u2013 Quelle est la diff\u00e9rence entre le territoire et l\u2019aire de dispersion d\u2019un oiseau? Par l\u2019entremise de recherches et de jeux de r\u00f4le, les enfants apprendront \u00e0 mieux conna\u00eetre certaines esp\u00e8ces d\u2019oiseaux dans leur r\u00e9gion.<\/li>\n<li><a href=\"https:\/\/cwf-fcf.org\/fr\/ressources\/pour-enseignants\/lecons\/le-dire-en-chantant.html\">Le dire en chantant<\/a> \u2013 Une excellente fa\u00e7on d\u2019identifier les oiseaux est par leur chant. Cette activit\u00e9 permet aux enfants d\u2019\u00e9couter les chants des oiseaux et de comprendre leur signification.<\/li>\n<li><a href=\"https:\/\/cwf-fcf.org\/fr\/ressources\/pour-enseignants\/lecons\/les-migrateurs.html\">Les migrateurs<\/a> \u2013 Cette activit\u00e9 permet aux enfants d\u2019apprendre pourquoi les oiseaux migrent l\u2019hiver et de tracer leurs routes migratoires.<\/li>\n<li><a href=\"https:\/\/cwf-fcf.org\/fr\/ressources\/pour-enseignants\/lecons\/derangeons-nous-les-oiseaux.html\">D\u00e9rangeons-nous les oiseaux?<\/a> \u2013 Les enfants pourront nommer certains des facteurs qui d\u00e9rangent les oiseaux dans leur collectivit\u00e9 et trouver des fa\u00e7ons d\u2019am\u00e9liorer ces probl\u00e8mes ou d\u2019y mettre fin.<\/li>\n<\/ul>\n<p><a name=\"do\"><\/a><\/p>\n<h3>Agissez<\/h3>\n<p><img decoding=\"async\" src=\"https:\/\/blog.cwf-fcf.org\/wp-content\/uploads\/2020\/04\/female-bluebird-nest-bird-house-989639214-1100x640.jpg\" \/><\/p>\n<p>Bien que les oiseaux soient parmi les esp\u00e8ces les plus observ\u00e9es et aim\u00e9es du Canada, plus de 25 % des esp\u00e8ces indig\u00e8nes sont en d\u00e9clin \u2013 particuli\u00e8rement les oiseaux de rivage, les oiseaux de prairies et les insectivores a\u00e9riens (les oiseaux qui mangent des insectes en plein vol).<\/p>\n<p>Heureusement, il y a de simples gestes que nous pouvons poser qui ont un effet positif sur les oiseaux et qui peuvent aider \u00e0 r\u00e9duire le d\u00e9clin des populations. Consultez les projets ci-dessous pour des id\u00e9es!<\/p>\n<p><img loading=\"lazy\" decoding=\"async\" class=\"aligncenter size-full wp-image-7513\" src=\"https:\/\/blog.cwf-fcf.org\/wp-content\/uploads\/2020\/04\/bird-stickers-thumb.jpg\" sizes=\"auto, (max-width: 600px) 100vw, 600px\" srcset=\"https:\/\/blog.cwf-fcf.org\/wp-content\/uploads\/2020\/04\/bird-stickers-thumb.jpg 600w, https:\/\/blog.cwf-fcf.org\/wp-content\/uploads\/2020\/04\/bird-stickers-thumb-530x331.jpg 530w\" alt=\"bird stickers\" width=\"600\" height=\"375\" \/><\/p>\n<h4>Pour les enfants plus jeunes (et les jeunes d\u2019esprit!)<\/h4>\n<ul>\n<li>Fabriquez des autocollants pour \u00e9viter les collisions des oiseaux avec les fen\u00eatres (en anglais)<\/li>\n<li><a href=\"https:\/\/www.hww.ca\/fr\/les-curieux-de-nature\/trucs-a-faire\/FeedtheBirdsFre.pdf\">Nourrissez les oiseaux<\/a><\/li>\n<li><a href=\"https:\/\/cwf-fcf.org\/fr\/ressources\/telecharger\/pages-a-colorier\/a-bird-friendly-garden.html\">Coloriez un jardin accueillant pour les oiseaux<\/a><\/li>\n<\/ul>\n<h4><img decoding=\"async\" src=\"http:\/\/cwf-fcf.org\/assets\/images\/next-box-bird.png\" \/><\/h4>\n<h4>Pour les enfants plus vieux et les adultes<\/h4>\n<ul>\n<li><a href=\"https:\/\/cwf-fcf.org\/fr\/ressources\/activities\/fiches-passez-laction\/habitat\/construisez-et-entretenez-des.html\">Construisez un nichoir<\/a><\/li>\n<li><a href=\"https:\/\/inaturalist.ca\/?src=blog\">Enregistrez vos observations d\u2019oiseaux<\/a><\/li>\n<li><a href=\"https:\/\/cwf-fcf.org\/fr\/explorer\/jardinage-pour-la-faune\/comment\/\">Jardinez pour la faune<\/a><\/li>\n<\/ul>\n<p><a name=\"outside\"><\/a><\/p>\n<h3>Sortez dehors<\/h3>\n<p><img loading=\"lazy\" decoding=\"async\" class=\"aligncenter size-standard wp-image-7516\" src=\"https:\/\/blog.cwf-fcf.org\/wp-content\/uploads\/2020\/04\/girl-outside-lake-inspire-873678158-1100x640.jpg\" alt=\"girl outside inspire\" width=\"1100\" height=\"640\" \/><\/p>\n<p>Que vous viviez en ville ou \u00e0 la campagne, vous y trouverez des oiseaux. C\u2019est une excellente raison de sortir dehors et d\u2019observer la faune pr\u00e8s de chez vous! Nous esp\u00e9rons que ces simples activit\u00e9s vous inspireront \u00e0 partir en exp\u00e9dition ornithologique dans votre arri\u00e8re-cour avec votre famille!<\/p>\n<ul>\n<li><strong>Sortez dehors<\/strong> et fermez vos yeux \u2013 \u00e9coutez le chant des oiseaux.<\/li>\n<li><strong>Recueillez <\/strong>des branches, de l\u2019herbe et des feuilles pour vous b\u00e2tir un nid!<\/li>\n<li><strong>Faites<\/strong> semblant que vous \u00eates un oiseau dans le ciel. Comment appara\u00eetrait votre quartier vu d\u2019en haut?<\/li>\n<\/ul>\n<h4>Ne ratez aucune semaine de Nature Hebdo! <a href=\"https:\/\/cwf-fcf.org\/fr\/explorer\/renouons-avec-la-nature\/nature-hebo.html\"><span style=\"text-decoration: underline;\">Inscrivez-vous<\/span><\/a> gratuitement par l\u2019entremise de la page Web Renouons avec la nature de la F\u00e9d\u00e9ration canadienne de la faune.<\/h4>\n<p><strong>Comment se sont d\u00e9roul\u00e9es ces activit\u00e9s? Avez-vous d\u2019autres activit\u00e9s dont vous pouvez nous faire part? Dites-le-nous dans les commentaires ci-dessous ou dans les m\u00e9dias sociaux en utilisant le mot-clic <\/strong><a href=\"https:\/\/cwf-fcf.org\/fr\/explorer\/renouons-avec-la-nature\/nature-hebo.html\">#NatureHebdo<\/a><strong>. <\/strong><\/p>\n","protected":false},"excerpt":{"rendered":"<div class=\"post-excerpt\">Vous voulez en savoir plus sur les oiseaux migrateurs? Nul besoin de battre de l\u2019aile! Pour c\u00e9l\u00e9brer la Journ\u00e9e mondiale des oiseaux migrateurs, nous avons assembl\u00e9 une s\u00e9rie de vid\u00e9os,&hellip;<\/div>\n","protected":false},"author":114,"featured_media":7514,"comment_status":"open","ping_status":"open","sticky":false,"template":"","format":"standard","meta":{"_exactmetrics_skip_tracking":false,"_exactmetrics_sitenote_active":false,"_exactmetrics_sitenote_note":"","_exactmetrics_sitenote_category":0,"footnotes":""},"categories":[804,792,794],"tags":[8336,1578,1580,8338],"class_list":["post-7528","post","type-post","status-publish","format-standard","has-post-thumbnail","hentry","category-champs-forets","category-especes-en-peril","category-contact-avec-la-nature","tag-nouvelles-hebdomadaires","tag-oiseaux","tag-passion-pour-les-oiseaux","tag-renouons-avec-la-nature"],"_links":{"self":[{"href":"https:\/\/blog.cwf-fcf.org\/index.php\/wp-json\/wp\/v2\/posts\/7528","targetHints":{"allow":["GET"]}}],"collection":[{"href":"https:\/\/blog.cwf-fcf.org\/index.php\/wp-json\/wp\/v2\/posts"}],"about":[{"href":"https:\/\/blog.cwf-fcf.org\/index.php\/wp-json\/wp\/v2\/types\/post"}],"author":[{"embeddable":true,"href":"https:\/\/blog.cwf-fcf.org\/index.php\/wp-json\/wp\/v2\/users\/114"}],"replies":[{"embeddable":true,"href":"https:\/\/blog.cwf-fcf.org\/index.php\/wp-json\/wp\/v2\/comments?post=7528"}],"version-history":[{"count":3,"href":"https:\/\/blog.cwf-fcf.org\/index.php\/wp-json\/wp\/v2\/posts\/7528\/revisions"}],"predecessor-version":[{"id":7535,"href":"https:\/\/blog.cwf-fcf.org\/index.php\/wp-json\/wp\/v2\/posts\/7528\/revisions\/7535"}],"wp:featuredmedia":[{"embeddable":true,"href":"https:\/\/blog.cwf-fcf.org\/index.php\/wp-json\/wp\/v2\/media\/7514"}],"wp:attachment":[{"href":"https:\/\/blog.cwf-fcf.org\/index.php\/wp-json\/wp\/v2\/media?parent=7528"}],"wp:term":[{"taxonomy":"category","embeddable":true,"href":"https:\/\/blog.cwf-fcf.org\/index.php\/wp-json\/wp\/v2\/categories?post=7528"},{"taxonomy":"post_tag","embeddable":true,"href":"https:\/\/blog.cwf-fcf.org\/index.php\/wp-json\/wp\/v2\/tags?post=7528"}],"curies":[{"name":"wp","href":"https:\/\/api.w.org\/{rel}","templated":true}]}}