{"id":5710,"date":"2018-11-26T16:56:46","date_gmt":"2018-11-26T16:56:46","guid":{"rendered":"http:\/\/blog.cwf-fcf.org\/?p=5710"},"modified":"2018-11-28T18:17:40","modified_gmt":"2018-11-28T18:17:40","slug":"plus-de-un-demi-million-de-canadiens-qui-ne-veulent-plus-des-neonicotinoides","status":"publish","type":"post","link":"https:\/\/blog.cwf-fcf.org\/index.php\/fr\/plus-de-un-demi-million-de-canadiens-qui-ne-veulent-plus-des-neonicotinoides\/","title":{"rendered":"Plus de 83 000 partisans de la FCF se sont joints \u00e0 un demi-million de Canadiens qui ne veulent plus des n\u00e9onicotino\u00efdes"},"content":{"rendered":"<h2><span lang=\"FR-CA\">Des citoyens inquiets r\u00e9clament une interdiction imm\u00e9diate des pesticides \u00e0 base de n\u00e9onicotino\u00efdes qui tuent les abeilles au Canada.<\/span><\/h2>\n<p><span lang=\"FR-CA\">Ottawa a conclu des consultations sur les derni\u00e8res \u00e9valuations des risques li\u00e9s aux n\u00e9onicotino\u00efdes le mardi, 13\u00a0novembre\u00a02018.<\/span><\/p>\n<h3><span lang=\"FR-CA\">Les experts sont d&#8217;accord<\/span><\/h3>\n<p>Sur cette question, la F\u00e9d\u00e9ration canadienne de la faune a collabor\u00e9 avec 13\u00a0groupes vou\u00e9s \u00e0 la conservation, \u00e0 la sant\u00e9 et \u00e0 la d\u00e9fense de l&#8217;environnement, dont l&#8217;Ontario Beekeepers&#8217; Association. Ensemble, nous avons demand\u00e9 au gouvernement f\u00e9d\u00e9ral de <a href=\"https:\/\/blog.cwf-fcf.org\/index.php\/fr\/bannir-pour-lavenir\/\">mettre un terme \u00e0 l&#8217;utilisation des insecticides \u00e0 base de n\u00e9onicotino\u00efdes<\/a> au Canada sans plus tarder.<\/p>\n<p>Alors que les groupes de conservation, sant\u00e9 et d\u00e9fense de l&#8217;environnement appuient le projet d&#8217;interdiction des n\u00e9onicotino\u00efdes du gouvernement f\u00e9d\u00e9ral, ils l&#8217;exhortent \u00e0 acc\u00e9l\u00e9rer le calendrier de protection des pollinisateurs, insectes aquatiques autres esp\u00e8ces utiles. Une interdiction urgente est n\u00e9cessaire pour <a href=\"https:\/\/blog.cwf-fcf.org\/index.php\/fr\/cause-pollinisateurs-canada\/\">pr\u00e9venir la mise en p\u00e9ril de l&#8217;environnement<\/a>.<\/p>\n<p>Depuis 2013, plus de 460\u00a0000\u00a0personnes au Canada ont particip\u00e9 \u00e0 diverses campagnes visant \u00e0 <a href=\"http:\/\/banwithaplan.org\/fr\/la-campagne\/\">bannir les n\u00e9onicotino\u00efdes<\/a>, signant des p\u00e9titions et \u00e9crivant des lettres au gouvernement f\u00e9d\u00e9ral en faveur d&#8217;une interdiction rapide de ces pesticides. Au cours des derniers mois, plus de 83\u00a0000\u00a0partisans de la FCF se sont ajout\u00e9s \u00e0 cette liste croissante de citoyens inquiets en appuyant notre plan en cinq \u00e9tapes visant non seulement \u00e0 interdire les n\u00e9onicotino\u00efdes, mais \u00e9galement \u00e0 collaborer avec les agriculteurs et les d\u00e9cideurs, et \u00e0 restaurer l&#8217;environnement apr\u00e8s les effets d\u00e9vastateurs de ces pesticides.<\/p>\n<div class=\"embed embed-responsive embed-responsive-16by9\"><iframe loading=\"lazy\" width=\"1170\" height=\"658\" src=\"https:\/\/www.youtube.com\/embed\/JylLEblQ4hs?feature=oembed\" frameborder=\"0\" allow=\"accelerometer; autoplay; encrypted-media; gyroscope; picture-in-picture\" allowfullscreen><\/iframe><\/div>\n<h3><span lang=\"FR-CA\">Les risques sont inacceptables<\/span><\/h3>\n<p>Cette semaine, l&#8217;Agence de r\u00e9glementation de la lutte antiparasitaire (ARLA) du Canada a men\u00e9 \u00e0 bien des consultations publiques sur les propositions de suppression progressive des <a href=\"http:\/\/cwf-fcf.org\/fr\/nouvelles\/articles-en-ligne\/neonics-101.html\">n\u00e9onicotino\u00efdes<\/a> clothianidine et thiam\u00e9thoxame dans trois \u00e0 cinq ans. En 2016, l&#8217;ARLA a propos\u00e9 d&#8217;\u00e9liminer progressivement un troisi\u00e8me n\u00e9onicotino\u00efde, l&#8217;imidaclopride\u00a0\u2014 une d\u00e9cision qui n&#8217;a pas encore \u00e9t\u00e9 finalis\u00e9e. Les r\u00e9sultats? Les risques r\u00e9sultant de la plupart des utilisations des n\u00e9onicotino\u00efdes demeurent inacceptables.<\/p>\n<p>La proposition de suppression progressive au ralenti des principaux n\u00e9onicotino\u00efdes permettrait de poursuivre leur utilisation jusqu&#8217;en 2023 ou au-del\u00e0, m\u00eame s&#8217;il a \u00e9t\u00e9 d\u00e9montr\u00e9 que les risques environnementaux sont inacceptables. Ce retard injustifi\u00e9 entra\u00eenera de nouveaux dommages \u00e9cologiques g\u00e9n\u00e9ralis\u00e9s et \u00e9vitables, et est contraire \u00e0 la Loi sur les pesticides que Sant\u00e9 Canada est tenu de respecter.<\/p>\n<p>En revanche, la nouvelle interdiction g\u00e9n\u00e9rale de l&#8217;utilisation des n\u00e9onicotino\u00efdes de l&#8217;Union europ\u00e9enne entrera en vigueur en d\u00e9cembre\u00a02018, soit sept mois seulement apr\u00e8s l&#8217;approbation de la r\u00e9glementation par les \u00c9tats membres. En France, une interdiction compl\u00e8te des n\u00e9onicotino\u00efdes est en place depuis le 1er\u00a0septembre\u00a02018.<\/p>\n<blockquote><p><span lang=\"FR-CA\">\u00ab\u00a0Nous disposons de toutes les connaissances scientifiques n\u00e9cessaires relatives aux n\u00e9onicotino\u00efdes. L&#8217;interdiction des n\u00e9onicotino\u00efdes est la seule option possible si nous voulons \u00e9viter des impacts graves \u00e0 long terme sur les \u00e9cosyst\u00e8mes m\u00eames qui soutiennent l&#8217;agriculture au Canada. \u00a0\u00bb<br \/>\n<strong>Carolyn Callaghan, F\u00e9d\u00e9ration canadienne de la faune<\/strong><\/span><\/p>\n<p><strong>\u00a0<\/strong><\/p><\/blockquote>\n<h3>Le plan en cinq \u00e9tapes de la FCF comprend\u00a0:<\/h3>\n<ul>\n<li>Un appel \u00e0 l&#8217;interdiction de l&#8217;utilisation des n\u00e9onicotino\u00efdes<\/li>\n<li>Le r\u00e9tablissement des esp\u00e8ces affect\u00e9es<\/li>\n<li>L&#8217;encouragement de la recherche-d\u00e9veloppement de technologies de lutte antiparasitaire plus s\u00e9curitaires<\/li>\n<li>Le soutien des agriculteurs par des alternatives pendant la p\u00e9riode de transition<\/li>\n<li>Un plaidoyer pour une r\u00e9forme de la mani\u00e8re dont le gouvernement prot\u00e8ge notre approvisionnement alimentaire<\/li>\n<\/ul>\n<h4>Pour plus d\u2019informations, consultez <a href=\"http:\/\/banwithaplan.org\/fr\/la-campagne\/?src=blog\">le site web<\/a>.<\/h4>\n<p>&nbsp;<\/p>\n<p>&nbsp;<\/p>\n","protected":false},"excerpt":{"rendered":"<div class=\"post-excerpt\">Des citoyens inquiets r\u00e9clament une interdiction imm\u00e9diate des pesticides \u00e0 base de n\u00e9onicotino\u00efdes qui tuent les abeilles au Canada. Ottawa a conclu des consultations sur les derni\u00e8res \u00e9valuations des risques&hellip;<\/div>\n","protected":false},"author":1,"featured_media":5070,"comment_status":"open","ping_status":"open","sticky":false,"template":"","format":"standard","meta":{"_exactmetrics_skip_tracking":false,"_exactmetrics_sitenote_active":false,"_exactmetrics_sitenote_note":"","_exactmetrics_sitenote_category":0,"footnotes":""},"categories":[804,792,788,794],"tags":[3809,2802],"class_list":["post-5710","post","type-post","status-publish","format-standard","has-post-thumbnail","hentry","category-champs-forets","category-especes-en-peril","category-faune-sauvage","category-contact-avec-la-nature","tag-bannirpourlavenir","tag-pollinisateurs"],"_links":{"self":[{"href":"https:\/\/blog.cwf-fcf.org\/index.php\/wp-json\/wp\/v2\/posts\/5710","targetHints":{"allow":["GET"]}}],"collection":[{"href":"https:\/\/blog.cwf-fcf.org\/index.php\/wp-json\/wp\/v2\/posts"}],"about":[{"href":"https:\/\/blog.cwf-fcf.org\/index.php\/wp-json\/wp\/v2\/types\/post"}],"author":[{"embeddable":true,"href":"https:\/\/blog.cwf-fcf.org\/index.php\/wp-json\/wp\/v2\/users\/1"}],"replies":[{"embeddable":true,"href":"https:\/\/blog.cwf-fcf.org\/index.php\/wp-json\/wp\/v2\/comments?post=5710"}],"version-history":[{"count":1,"href":"https:\/\/blog.cwf-fcf.org\/index.php\/wp-json\/wp\/v2\/posts\/5710\/revisions"}],"predecessor-version":[{"id":5711,"href":"https:\/\/blog.cwf-fcf.org\/index.php\/wp-json\/wp\/v2\/posts\/5710\/revisions\/5711"}],"wp:featuredmedia":[{"embeddable":true,"href":"https:\/\/blog.cwf-fcf.org\/index.php\/wp-json\/wp\/v2\/media\/5070"}],"wp:attachment":[{"href":"https:\/\/blog.cwf-fcf.org\/index.php\/wp-json\/wp\/v2\/media?parent=5710"}],"wp:term":[{"taxonomy":"category","embeddable":true,"href":"https:\/\/blog.cwf-fcf.org\/index.php\/wp-json\/wp\/v2\/categories?post=5710"},{"taxonomy":"post_tag","embeddable":true,"href":"https:\/\/blog.cwf-fcf.org\/index.php\/wp-json\/wp\/v2\/tags?post=5710"}],"curies":[{"name":"wp","href":"https:\/\/api.w.org\/{rel}","templated":true}]}}