{"id":4149,"date":"2017-12-05T01:45:39","date_gmt":"2017-12-05T01:45:39","guid":{"rendered":"http:\/\/blog.cwf-fcf.org\/?p=4149"},"modified":"2017-12-07T16:02:51","modified_gmt":"2017-12-07T16:02:51","slug":"150e-du-canada-avec-faune-et-flore-du-pays","status":"publish","type":"post","link":"https:\/\/blog.cwf-fcf.org\/index.php\/fr\/150e-du-canada-avec-faune-et-flore-du-pays\/","title":{"rendered":"Wow, quelle ann\u00e9e! Les c\u00e9l\u00e9brations du 150e du Canada avec Faune et flore du pays"},"content":{"rendered":"<h2>Quelle ann\u00e9e nous avons eue! \u00c0 Faune et flore du pays, nous terminons une ann\u00e9e super occup\u00e9e, mais excitante! Bien s\u00fbr, nous voulions <a href=\"http:\/\/www.hww.ca\/fr\/enjeux-et-themes\/canada-150.html\" target=\"_blank\">c\u00e9l\u00e9brer le 150e de la Conf\u00e9d\u00e9ration<\/a> avec vous. Apr\u00e8s tout, il n\u2019y a rien de plus canadien que notre patrimoine naturel!<\/h2>\n<p>\u00c7a a commenc\u00e9 en janvier, quand nous avons voulu <a href=\"http:\/\/www.hww.ca\/fr\/autochtones\/\" target=\"_blank\">c\u00e9l\u00e9brer le patrimoine des peuples autochtones au Canada<\/a>. FFDP a cr\u00e9\u00e9 des capsules-vid\u00e9o en six langues autochtones. Les esp\u00e8ces pr\u00e9sent\u00e9es, les tortues d\u2019eau douce et le carcajou, ont \u00e9t\u00e9 choisies vu leur importance pour la culture de certains peuples autochtones. Elles sont pr\u00e9sentes dans plusieurs l\u00e9gendes des Premi\u00e8res Nations, M\u00e9tis ou Inuits.<\/p>\n<p>Nous avons continu\u00e9 \u00e0 c\u00e9l\u00e9brer tout au long de l\u2019ann\u00e9e <a href=\"http:\/\/www.hww.ca\/fr\/enjeux-et-themes\/canada-150.html\" target=\"_blank\">en lan\u00e7ant des nouvelles vid\u00e9os sur certaines de nos esp\u00e8ces les plus embl\u00e9matiques<\/a>, bien s\u00fbr, mais avec un petit changement\u00a0: <strong>non seulement nous parlions de leur fascinante histoire naturelle, mais nous mettions aussi \u00e0 l\u2019avant leur importance pour notre culture et histoire<\/strong>.<\/p>\n<p>La premi\u00e8re esp\u00e8ce en vedette fut <a href=\"http:\/\/cwf-fcf.org\/fr\/nouvelles\/articles-en-ligne\/150th\/castor-damerique.html\" target=\"_blank\">le castor du Canada<\/a>. Ce gros rongeur se retrouve partout dans les \u00e9cosyst\u00e8mes aquatiques d\u2019eau douce au Canada. Vu qu\u2019il a jou\u00e9 un grand r\u00f4le dans notre histoire, il est devenu notre symbole national!<\/p>\n<div class=\"embed embed-responsive embed-responsive-16by9\"><iframe loading=\"lazy\" width=\"1170\" height=\"658\" src=\"https:\/\/www.youtube.com\/embed\/NAhjk18MxmE?feature=oembed\" frameborder=\"0\" gesture=\"media\" allow=\"encrypted-media\" allowfullscreen><\/iframe><\/div>\n<p>La deuxi\u00e8me esp\u00e8ce fut <a href=\"http:\/\/cwf-fcf.org\/fr\/nouvelles\/articles-en-ligne\/150th\/right-whale.html\" target=\"_blank\">la baleine noire de l&#8217;Atlantique Nord<\/a>. Extr\u00eamement rare, cette baleine passe l\u2019\u00e9t\u00e9 dans les eaux canadiennes. Durant des milliers d\u2019ann\u00e9es, les baleines ont fourni de la nourriture et outils aux peuples autochtones et furent consid\u00e9r\u00e9es comme les ma\u00eetres de la vie dans les oc\u00e9ans par les Mi&#8217;kmaq.<\/p>\n<div class=\"embed embed-responsive embed-responsive-16by9\"><iframe loading=\"lazy\" width=\"1170\" height=\"658\" src=\"https:\/\/www.youtube.com\/embed\/AEa1JZpO9rM?feature=oembed\" frameborder=\"0\" gesture=\"media\" allow=\"encrypted-media\" allowfullscreen><\/iframe><\/div>\n<p>La troisi\u00e8me esp\u00e8ce fut <a href=\"http:\/\/cwf-fcf.org\/fr\/nouvelles\/articles-en-ligne\/150th\/the-pacific-salmon.html\" target=\"_blank\">le saumon du Pacifique<\/a>. Ce poisson fascinant migre de l&#8217;habitat d&#8217;eau douce o\u00f9 il nait \u00e0 la haute mer, puis y retourne. Cette esp\u00e8ce-cl\u00e9 est d&#8217;une grande importance pour les peuples autochtones de la C\u00f4te Ouest.<\/p>\n<div class=\"embed embed-responsive embed-responsive-16by9\"><iframe loading=\"lazy\" width=\"1170\" height=\"658\" src=\"https:\/\/www.youtube.com\/embed\/K1pAZbMogJM?feature=oembed\" frameborder=\"0\" gesture=\"media\" allow=\"encrypted-media\" allowfullscreen><\/iframe><\/div>\n<p>La quatri\u00e8me esp\u00e8ce fut <a href=\"http:\/\/www.hww.ca\/fr\/faune\/poissons-amphibiens-reptiles\/la-morue-de-latlantique.html\" target=\"_blank\">la morue de l\u2019Atlantique<\/a>. Ce poisson se retrouve pr\u00e8s du fond de l\u2019oc\u00e9an Atlantique au large de la c\u00f4te canadienne. P\u00each\u00e9e par diff\u00e9rents peuples autochtones pendant des milliers d\u2019ann\u00e9e, celle-ci deviendra une de nos p\u00eaches les plus importantes suite \u00e0 l\u2019arriv\u00e9e des Europ\u00e9ens en Am\u00e9rique du Nord.<\/p>\n<div class=\"embed embed-responsive embed-responsive-16by9\"><iframe loading=\"lazy\" width=\"1170\" height=\"658\" src=\"https:\/\/www.youtube.com\/embed\/haEE_Zy6puU?feature=oembed\" frameborder=\"0\" gesture=\"media\" allow=\"encrypted-media\" allowfullscreen><\/iframe><\/div>\n<p>La cinqui\u00e8me esp\u00e8ce en vedette fut <a href=\"http:\/\/cwf-fcf.org\/fr\/nouvelles\/articles-en-ligne\/150th\/the-north-american-bison.html\" target=\"_blank\">le bison d\u2019Am\u00e9rique<\/a>! Jadis, au Canada, les bisons \u00e9taient pr\u00e9sents d\u2019un bout \u00e0 l\u2019autre des provinces des prairies, jusqu\u2019au pied des montagnes rocheuses et m\u00eame jusqu\u2019au terres inhospitali\u00e8res du Yukon. L\u2019esp\u00e8ce \u00e9tait de premi\u00e8re importance pour les peuples autochtones des Prairies, et sa quasi-extinction a caus\u00e9 des changements significatifs dans leur mode de vie.<\/p>\n<div class=\"embed embed-responsive embed-responsive-16by9\"><iframe loading=\"lazy\" width=\"1170\" height=\"658\" src=\"https:\/\/www.youtube.com\/embed\/WMY2nt7X4uM?feature=oembed\" frameborder=\"0\" gesture=\"media\" allow=\"encrypted-media\" allowfullscreen><\/iframe><\/div>\n<p>La derni\u00e8re esp\u00e8ce en vedette est <a href=\"http:\/\/cwf-fcf.org\/fr\/nouvelles\/articles-en-ligne\/150th\/the-snowy-owl.html\" target=\"_blank\">le Harfang des neiges<\/a>! Peu d\u2019animaux repr\u00e9sentent aussi bien la beaut\u00e9 et le caract\u00e8re sauvage de l\u2019Arctique que ce majestueux hibou blanc. M\u00eame s\u2019il est bien adapt\u00e9 \u00e0 la vie \u00e0 -50\u00b0C, certains individus migrent vers le sud du Canada pour l\u2019hiver. Au cours de l\u2019histoire, les Inuit du Canada ont toujours c\u00f4toy\u00e9 le Harfang des neiges. De ce fait, cet oiseau occupe une place de choix dans leurs l\u00e9gendes, leur art et leurs traditions.<\/p>\n<div class=\"embed embed-responsive embed-responsive-16by9\"><iframe loading=\"lazy\" width=\"1170\" height=\"658\" src=\"https:\/\/www.youtube.com\/embed\/RXjw2gb-NPc?feature=oembed\" frameborder=\"0\" gesture=\"media\" allow=\"encrypted-media\" allowfullscreen><\/iframe><\/div>\n<h3>2017 tire \u00e0 sa fin, tout comme les c\u00e9l\u00e9brations du 150e. Mais il n\u2019est jamais trop tard pour c\u00e9l\u00e9brer notre faune et son impact sur notre pays. Un bon d\u00e9but est d\u2019en apprendre plus sur notre impressionnante biodiversit\u00e9! Vous pouvez commencer au <a href=\"http:\/\/www.ffdp.ca\" target=\"_blank\">www.ffdp.ca<\/a>!<\/h3>\n","protected":false},"excerpt":{"rendered":"<div class=\"post-excerpt\">Quelle ann\u00e9e nous avons eue! \u00c0 Faune et flore du pays, nous terminons une ann\u00e9e super occup\u00e9e, mais excitante! Bien s\u00fbr, nous voulions c\u00e9l\u00e9brer le 150e de la Conf\u00e9d\u00e9ration avec&hellip;<\/div>\n","protected":false},"author":15,"featured_media":4154,"comment_status":"open","ping_status":"open","sticky":false,"template":"","format":"standard","meta":{"_exactmetrics_skip_tracking":false,"_exactmetrics_sitenote_active":false,"_exactmetrics_sitenote_note":"","_exactmetrics_sitenote_category":0,"footnotes":""},"categories":[788,794],"tags":[1110,1056,1096,1099,1105,1108,1103],"class_list":["post-4149","post","type-post","status-publish","format-standard","has-post-thumbnail","hentry","category-faune-sauvage","category-contact-avec-la-nature","tag-faune-et-flore-du-pays","tag-baleine-noire","tag-morue-de-l-atlantique","tag-bison-d-amerique","tag-castor","tag-harfang-des-neiges","tag-saumon-du-pacifique"],"_links":{"self":[{"href":"https:\/\/blog.cwf-fcf.org\/index.php\/wp-json\/wp\/v2\/posts\/4149","targetHints":{"allow":["GET"]}}],"collection":[{"href":"https:\/\/blog.cwf-fcf.org\/index.php\/wp-json\/wp\/v2\/posts"}],"about":[{"href":"https:\/\/blog.cwf-fcf.org\/index.php\/wp-json\/wp\/v2\/types\/post"}],"author":[{"embeddable":true,"href":"https:\/\/blog.cwf-fcf.org\/index.php\/wp-json\/wp\/v2\/users\/15"}],"replies":[{"embeddable":true,"href":"https:\/\/blog.cwf-fcf.org\/index.php\/wp-json\/wp\/v2\/comments?post=4149"}],"version-history":[{"count":3,"href":"https:\/\/blog.cwf-fcf.org\/index.php\/wp-json\/wp\/v2\/posts\/4149\/revisions"}],"predecessor-version":[{"id":4152,"href":"https:\/\/blog.cwf-fcf.org\/index.php\/wp-json\/wp\/v2\/posts\/4149\/revisions\/4152"}],"wp:featuredmedia":[{"embeddable":true,"href":"https:\/\/blog.cwf-fcf.org\/index.php\/wp-json\/wp\/v2\/media\/4154"}],"wp:attachment":[{"href":"https:\/\/blog.cwf-fcf.org\/index.php\/wp-json\/wp\/v2\/media?parent=4149"}],"wp:term":[{"taxonomy":"category","embeddable":true,"href":"https:\/\/blog.cwf-fcf.org\/index.php\/wp-json\/wp\/v2\/categories?post=4149"},{"taxonomy":"post_tag","embeddable":true,"href":"https:\/\/blog.cwf-fcf.org\/index.php\/wp-json\/wp\/v2\/tags?post=4149"}],"curies":[{"name":"wp","href":"https:\/\/api.w.org\/{rel}","templated":true}]}}