{"id":3955,"date":"2017-08-31T16:31:14","date_gmt":"2017-08-31T16:31:14","guid":{"rendered":"http:\/\/blog.cwf-fcf.org\/?p=3955"},"modified":"2017-08-31T16:31:30","modified_gmt":"2017-08-31T16:31:30","slug":"les-technologies-sunissent-en-vue-de-la-recherche-sur-les-baleines","status":"publish","type":"post","link":"https:\/\/blog.cwf-fcf.org\/index.php\/fr\/les-technologies-sunissent-en-vue-de-la-recherche-sur-les-baleines\/","title":{"rendered":"Les technologies s\u2019unissent en vue de la recherche sur les baleines"},"content":{"rendered":"<h2>L\u2019enqu\u00eate des baleines noires du golfe du Saint-Laurent \u00e0 l\u2019aide d\u2019un planeur sous-marin s\u2019est av\u00e9r\u00e9e fascinante au cours des trois derniers mois.<\/h2>\n<figure id=\"attachment_3956\" aria-describedby=\"caption-attachment-3956\" style=\"width: 1100px\" class=\"wp-caption alignleft\"><img loading=\"lazy\" decoding=\"async\" class=\"size-standard wp-image-3956\" src=\"https:\/\/blog.cwf-fcf.org\/wp-content\/uploads\/2017\/08\/right-whale-1-1100x640.jpg\" alt=\"Le baleine noire\" width=\"1100\" height=\"640\" \/><figcaption id=\"caption-attachment-3956\" class=\"wp-caption-text\">Une baleine noire expulse son \u00e9vent caract\u00e9ristique en forme de \u00ab V \u00bb, tandis qu\u2019elle nage au sud du golfe du Saint-Laurent.<\/figcaption><\/figure>\n<p>Dans le cadre de nos derni\u00e8res nouvelles au sujet des planeurs, j\u2019ai parl\u00e9 du positionnement de ce planeur sous-marin sur le plateau continental. Il s\u2019agit en effet du premier lieu de collision des baleines avec les navires, car ceux-ci d\u00e9bouchent du fleuve Saint-Laurent dans cette zone. Le planeur n\u2019a toutefois pas \u00e9t\u00e9 en mesure de rep\u00e9rer des baleines noires dans ce secteur, aussi nous l\u2019avons transport\u00e9 plus au Sud, dans une r\u00e9gion o\u00f9 des baleines noires avaient \u00e9t\u00e9 rep\u00e9r\u00e9es \u00e0 l\u2019aide de relev\u00e9s a\u00e9riens. Ces relev\u00e9s sont \u00e9tudi\u00e9s par des observateurs qui y recherchent la pr\u00e9sence de baleines \u00e0 la surface des oc\u00e9ans selon un itin\u00e9raire pr\u00e9vu. Le planeur a commenc\u00e9 \u00e0 enregistrer presque imm\u00e9diatement les vocalisations identifi\u00e9s comme \u00ab upcalls \u00bb des baleines noires (\u00e9coutez-les \u00e0 l\u2019aide d\u2019un casque pour les entendre plus clairement). Il s\u2019agit des appels de contact des baleines noires pour se saluer les unes les autres. Il est curieux que les observateurs des relev\u00e9s a\u00e9riens aient rep\u00e9r\u00e9 des douzaines de baleines, comme celle de la photo ci-dessous, alors que le planeur sous-marin n\u2019avait enregistr\u00e9 que quelques appels \u00ab upcalls \u00bb quotidiens.<\/p>\n<figure id=\"attachment_3957\" aria-describedby=\"caption-attachment-3957\" style=\"width: 800px\" class=\"wp-caption aligncenter\"><img loading=\"lazy\" decoding=\"async\" class=\"size-standard wp-image-3957\" src=\"https:\/\/blog.cwf-fcf.org\/wp-content\/uploads\/2017\/08\/US-Navy-Airplane-dropping-sonobuoys-2nd-picture-1-800x640.jpg\" alt=\"Un avion de la marine am\u00e9ricaine qui lan\u00e7ant des bou\u00e9es acoustiques. Ces bou\u00e9es enregistrent les sons sous-marins et les diffusent par radio, et l\u2019avion qui les survole est en mesure de r\u00e9ceptionner ces enregistrements. \" width=\"800\" height=\"640\" \/><figcaption id=\"caption-attachment-3957\" class=\"wp-caption-text\">Un avion de la marine am\u00e9ricaine qui lan\u00e7ant des bou\u00e9es acoustiques. Ces bou\u00e9es enregistrent les sons sous-marins et les diffusent par radio, et l\u2019avion qui les survole est en mesure de r\u00e9ceptionner ces enregistrements.<\/figcaption><\/figure>\n<p>Nous avons \u00e9t\u00e9 chanceux que les observateurs des relev\u00e9s a\u00e9riens aient rep\u00e9r\u00e9 20\u00a0baleines noires \u00e0 quelques kilom\u00e8tres du planeur sous-marin. Un avion a lanc\u00e9 des bou\u00e9es acoustiques, des appareils qui lui permettent\u00a0 d\u2019enregistrer les radiofr\u00e9quences des chants des baleines. Il s\u2019agit de bou\u00e9es acoustiques sp\u00e9cifiques, d\u00e9class\u00e9es par la marine am\u00e9ricaine, qui \u00e9taient utilis\u00e9es pour enregistrer les sous-marins ou les bateaux.<\/p>\n<p>Pendant trois jours, les baleines, les bou\u00e9es acoustiques et le planeur sont demeur\u00e9s au m\u00eame endroit, et des appels \u00ab\u00a0upcalls\u00bb et les appels \u00ab\u00a0<a href=\"https:\/\/vimeo.com\/226939276\">coup de fusil<\/a>\u00a0\u00bb (appels d\u2019accouplement des m\u00e2les) ont \u00e9t\u00e9 enregistr\u00e9s, de m\u00eame que d\u2019autres sont curieux qui pourraient \u00eatre des vocalisations de baleines noire ou d\u2019autres esp\u00e8ces marines. Gr\u00e2ce \u00e0 cet ensemble de donn\u00e9es, nous pouvons maintenant analyser les fr\u00e9quences et les types de sons \u00e9mis par les baleines noires du golfe.<\/p>\n<p>Entre-temps, \u00e0 Halifax, les enjeux auxquels les baleines noires du golfe sont confront\u00e9s dominent la sc\u00e8ne m\u00e9diatique. J\u2019ai contribu\u00e9 \u00e0 plusieurs articles relatifs \u00e0 ces \u00e9v\u00e9nements, dont vous pouvez prendre connaissance ci-dessous.<\/p>\n<div class=\"embed embed-responsive embed-responsive-16by9\"><iframe loading=\"lazy\" width=\"1170\" height=\"658\" src=\"https:\/\/www.youtube.com\/embed\/AEa1JZpO9rM?feature=oembed\" frameborder=\"0\" allowfullscreen><\/iframe><\/div>\n<ul>\n<li><a href=\"https:\/\/www.sciencesetavenir.fr\/animaux\/animaux-marins\/le-canada-et-les-etats-unis-enquetent-sur-une-hecatombe-de-baleines-franches_115846\" target=\"_blank\">Le Canada et les Etats-Unis enqu\u00eatent sur une h\u00e9catombe de baleines franches<\/a><\/li>\n<li><a href=\"http:\/\/ici.radio-canada.ca\/nouvelle\/1050659\/planeur-autonome-baleines-noires-mort-population-dalhousie-experts\" target=\"_blank\">Un planeur autonome pour suivre les baleines noires en N.-\u00c9.<\/a><\/li>\n<li><a href=\"http:\/\/www.liberation.fr\/planete\/2017\/08\/14\/pourquoi-les-baleines-noires-sont-elles-menacees-dans-l-atlantique-nord_1589448\" target=\"_blank\">Pourquoi les baleines noires sont-elles menac\u00e9es dans l&#8217;Atlantique Nord ?<\/a><\/li>\n<\/ul>\n","protected":false},"excerpt":{"rendered":"<div class=\"post-excerpt\">L\u2019enqu\u00eate des baleines noires du golfe du Saint-Laurent \u00e0 l\u2019aide d\u2019un planeur sous-marin s\u2019est av\u00e9r\u00e9e fascinante au cours des trois derniers mois. Dans le cadre de nos derni\u00e8res nouvelles au&hellip;<\/div>\n","protected":false},"author":27,"featured_media":3053,"comment_status":"open","ping_status":"open","sticky":false,"template":"","format":"standard","meta":{"_exactmetrics_skip_tracking":false,"_exactmetrics_sitenote_active":false,"_exactmetrics_sitenote_note":"","_exactmetrics_sitenote_category":0,"footnotes":""},"categories":[802],"tags":[808,810],"class_list":["post-3955","post","type-post","status-publish","format-standard","has-post-thumbnail","hentry","category-cotes-oceans","tag-baleines","tag-grandes-baleines-canadiennes"],"_links":{"self":[{"href":"https:\/\/blog.cwf-fcf.org\/index.php\/wp-json\/wp\/v2\/posts\/3955","targetHints":{"allow":["GET"]}}],"collection":[{"href":"https:\/\/blog.cwf-fcf.org\/index.php\/wp-json\/wp\/v2\/posts"}],"about":[{"href":"https:\/\/blog.cwf-fcf.org\/index.php\/wp-json\/wp\/v2\/types\/post"}],"author":[{"embeddable":true,"href":"https:\/\/blog.cwf-fcf.org\/index.php\/wp-json\/wp\/v2\/users\/27"}],"replies":[{"embeddable":true,"href":"https:\/\/blog.cwf-fcf.org\/index.php\/wp-json\/wp\/v2\/comments?post=3955"}],"version-history":[{"count":1,"href":"https:\/\/blog.cwf-fcf.org\/index.php\/wp-json\/wp\/v2\/posts\/3955\/revisions"}],"predecessor-version":[{"id":3958,"href":"https:\/\/blog.cwf-fcf.org\/index.php\/wp-json\/wp\/v2\/posts\/3955\/revisions\/3958"}],"wp:featuredmedia":[{"embeddable":true,"href":"https:\/\/blog.cwf-fcf.org\/index.php\/wp-json\/wp\/v2\/media\/3053"}],"wp:attachment":[{"href":"https:\/\/blog.cwf-fcf.org\/index.php\/wp-json\/wp\/v2\/media?parent=3955"}],"wp:term":[{"taxonomy":"category","embeddable":true,"href":"https:\/\/blog.cwf-fcf.org\/index.php\/wp-json\/wp\/v2\/categories?post=3955"},{"taxonomy":"post_tag","embeddable":true,"href":"https:\/\/blog.cwf-fcf.org\/index.php\/wp-json\/wp\/v2\/tags?post=3955"}],"curies":[{"name":"wp","href":"https:\/\/api.w.org\/{rel}","templated":true}]}}