{"id":16011,"date":"2025-10-14T13:47:20","date_gmt":"2025-10-14T13:47:20","guid":{"rendered":"https:\/\/blog.cwf-fcf.org\/?p=16011"},"modified":"2025-10-29T13:41:11","modified_gmt":"2025-10-29T13:41:11","slug":"resultats-pour-la-faune-canadienne-de-votre-collaboration-avec-nous-cette-annee","status":"publish","type":"post","link":"https:\/\/blog.cwf-fcf.org\/index.php\/fr\/resultats-pour-la-faune-canadienne-de-votre-collaboration-avec-nous-cette-annee\/","title":{"rendered":"R\u00e9sultats pour la faune canadienne de votre collaboration avec nous cette ann\u00e9e"},"content":{"rendered":"<h2><strong>Notre mot cl\u00e9 pour 2025 est <em>collaboration<\/em>.<\/strong><\/h2>\n<p>La F\u00e9d\u00e9ration canadienne de la faune a pass\u00e9 l\u2019ann\u00e9e \u00e0 collaborer. Nous avons uni nos forces pour cr\u00e9er une coalition pour les prairies indig\u00e8nes, <span data-olk-copy-source=\"MessageBody\">nous nous sommes joints \u00e0 des<\/span> peuples autochtones pour travailler \u00e0 la restauration de l&#8217;habitat des poissons et <span data-olk-copy-source=\"MessageBody\">nous nous sommes<\/span> envol\u00e9s\u00a0vers vers de nouveaux sommets pour travailler avec des partenaires internationaux sur des projets d\u2019emprises pour le papillon monarque. <span data-olk-copy-source=\"MessageBody\">Nous nous sommes<\/span> alli\u00e9s \u00e0 des p\u00eacheurs afin d\u2019essayer des engins de p\u00eache \u00e0 la demande, nous avons travaill\u00e9 avec des communaut\u00e9s locales pour prot\u00e9ger les tortues et les chauves-souris en p\u00e9ril, nous avons motiv\u00e9 la population pour atteindre deux millions d\u2019observations de la biodiversit\u00e9 canadienne sur iNaturalist et <span data-olk-copy-source=\"MessageBody\">nous nous sommes<\/span>\u00a0associ\u00e9s \u00e0 d\u2019innombrables \u00e9ducateurs, \u00e9ducatrices, \u00e9tudiants et \u00e9tudiantes pour la conservation de la faune.<\/p>\n<p>L\u2019ann\u00e9e a \u00e9t\u00e9 bien remplie! D\u00e9couvrez quelques-unes des nombreuses initiatives collaboratives rendues possibles gr\u00e2ce \u00e0 vos dons et \u00e0 votre d\u00e9vouement envers la faune canadienne.<\/p>\n<div class=\"embed embed-responsive embed-responsive-16by9\"><iframe loading=\"lazy\" title=\"Compte rendue des travaux de conservation 2025\" width=\"1170\" height=\"658\" src=\"https:\/\/www.youtube.com\/embed\/ulG9IJ3OmCk?feature=oembed\" frameborder=\"0\" allow=\"accelerometer; autoplay; clipboard-write; encrypted-media; gyroscope; picture-in-picture; web-share\" referrerpolicy=\"strict-origin-when-cross-origin\" allowfullscreen><\/iframe><\/div>\n<h3><strong>Esp\u00e8ces en voie de disparition et biodiversit\u00e9 <\/strong><\/h3>\n<h4><strong>Au secours des chauves-souris en p\u00e9ril<\/strong><\/h4>\n<p>Alors que les <a href=\"https:\/\/cwf-fcf.org\/fr\/explorer\/chauves-souris\/\">chauves-souris<\/a> commencent \u00e0 d\u00e9velopper lentement une r\u00e9sistance au syndrome du museau blanc, nous concentrons nos efforts sur la r\u00e9duction d\u2019autres menaces \u00e0 leur survie.<\/p>\n<div class=\"gallery gallery-grid\"><div class=\"row\"><div class='gallery-item col-md-4'><figure><a href='https:\/\/blog.cwf-fcf.org\/wp-content\/uploads\/2025\/10\/2024_little-brown-with-tag-and-band-in-roost_2.jpg'><img loading=\"lazy\" decoding=\"async\" width=\"440\" height=\"290\" src=\"https:\/\/blog.cwf-fcf.org\/wp-content\/uploads\/2025\/10\/2024_little-brown-with-tag-and-band-in-roost_2-440x290.jpg\" class=\"attachment-thumbnail size-thumbnail\" alt=\"\" aria-describedby=\"gallery-1-15970\" \/><\/a>\n          <figcaption class='wp-caption-text gallery-caption' id='gallery-1-15970'>\n          Une petite chauve-souris brune avec une \u00e9tiquette et un brassard dans un dortoir.\n          <\/figcaption><\/figure><\/div><div class='gallery-item col-md-4'><figure><a href='https:\/\/blog.cwf-fcf.org\/wp-content\/uploads\/2025\/10\/2024_radiotelemetry-tracking.jpg'><img loading=\"lazy\" decoding=\"async\" width=\"440\" height=\"290\" src=\"https:\/\/blog.cwf-fcf.org\/wp-content\/uploads\/2025\/10\/2024_radiotelemetry-tracking-440x290.jpg\" class=\"attachment-thumbnail size-thumbnail\" alt=\"\" aria-describedby=\"gallery-1-15971\" \/><\/a>\n          <figcaption class='wp-caption-text gallery-caption' id='gallery-1-15971'>\n          James Pag\u00e9, scientifique en conservation, suit les chauves-souris par radiot\u00e9l\u00e9m\u00e9trie.\n          <\/figcaption><\/figure><\/div><div class='gallery-item col-md-4'><figure><a href='https:\/\/blog.cwf-fcf.org\/wp-content\/uploads\/2025\/10\/cwf-bats-net-2025.jpg'><img loading=\"lazy\" decoding=\"async\" width=\"440\" height=\"290\" src=\"https:\/\/blog.cwf-fcf.org\/wp-content\/uploads\/2025\/10\/cwf-bats-net-2025-440x290.jpg\" class=\"attachment-thumbnail size-thumbnail\" alt=\"\" aria-describedby=\"gallery-1-15972\" \/><\/a>\n          <figcaption class='wp-caption-text gallery-caption' id='gallery-1-15972'>\n          Petites chauves-souris brunes se blottissant ensemble dans un pi\u00e8ge \u00e0 harpe \n          <\/figcaption><\/figure><\/div><\/div><div class=\"row\"><div class='gallery-item col-md-4'><figure><a href='https:\/\/blog.cwf-fcf.org\/wp-content\/uploads\/2025\/10\/cwf-night-bats-2025.jpg'><img loading=\"lazy\" decoding=\"async\" width=\"440\" height=\"290\" src=\"https:\/\/blog.cwf-fcf.org\/wp-content\/uploads\/2025\/10\/cwf-night-bats-2025-440x290.jpg\" class=\"attachment-thumbnail size-thumbnail\" alt=\"\" aria-describedby=\"gallery-1-15973\" \/><\/a>\n          <figcaption class='wp-caption-text gallery-caption' id='gallery-1-15973'>\n          Les membres de l\u2019\u00e9quipe de la FCF et divers partenaires et b\u00e9n\u00e9voles travaillent ensemble pour v\u00e9rifier et retirer les chauves-souris des filets lors d\u2019une nuit de capture au Qu\u00e9bec.\n          <\/figcaption><\/figure><\/div><div class='gallery-item col-md-4'><figure><a href='https:\/\/blog.cwf-fcf.org\/wp-content\/uploads\/2025\/10\/little-brown-bat-cwf-arm-band-ON.jpg'><img loading=\"lazy\" decoding=\"async\" width=\"440\" height=\"290\" src=\"https:\/\/blog.cwf-fcf.org\/wp-content\/uploads\/2025\/10\/little-brown-bat-cwf-arm-band-ON-440x290.jpg\" class=\"attachment-thumbnail size-thumbnail\" alt=\"\" aria-describedby=\"gallery-1-15974\" \/><\/a>\n          <figcaption class='wp-caption-text gallery-caption' id='gallery-1-15974'>\n          Une grosse chauve-souris brune avec une bague assise dans du feuillage.\n          <\/figcaption><\/figure><\/div><\/div><\/div>\n<ul>\n<li>Au moyen de la radiot\u00e9l\u00e9m\u00e9trie, nous avons cartographi\u00e9 cette ann\u00e9e les d\u00e9placements de la grande chauve-souris brune et de la petite chauve-souris brune en voie de disparition \u00e0 trois diff\u00e9rents endroits, ce qui nous a permis de rep\u00e9rer 14 nouvelles aires de repos. Au total, nous avons suivi plus de 40 individus et bagu\u00e9 260 chauves-souris, ce qui permettra \u00e0 notre \u00e9quipe et \u00e0 d\u2019autres chercheurs de les reconna\u00eetre durant de futures \u00e9tudes.<\/li>\n<li>Nous avons lanc\u00e9 une plateforme en ligne de <a href=\"https:\/\/cwf-fcf.org\/fr\/explorer\/chauves-souris\/bat-survey.html\">signalement des chauves-souris<\/a> afin que la population puisse participer \u00e0 une \u00e9tude scientifique. En inscrivant leurs nichoirs et en consignant des observations, les gens peuvent continuer de contribuer au projet canadien d\u2019abris pour chauves-souris.<\/li>\n<li>Nous avons entam\u00e9 une \u00e9tude sur les attitudes des gens face aux chauves-souris et les mesures de conservation prises apr\u00e8s avoir particip\u00e9 comme scientifiques citoyens au projet canadien d\u2019abris pour chauves-souris. Cette \u00e9tude nous aide aussi \u00e0 cerner les r\u00e9ussites et les points \u00e0 am\u00e9liorer pour de futures initiatives.<\/li>\n<li>Nous avons cr\u00e9\u00e9 un guide sur la <a href=\"https:\/\/cwf-fcf.org\/fr\/explorer\/chauves-souris\/evicting-bats.html\">gestion s\u00e9curitaire de chauves-souris dans les b\u00e2timents<\/a> afin de renseigner le public sur la fa\u00e7on de partager un espace avec des chauves-souris et, si une \u00e9viction est n\u00e9cessaire, sur le moment et la fa\u00e7on de la r\u00e9aliser en causant le moins de tort possible.<\/li>\n<li>Nous avons \u00e9galement travaill\u00e9 \u00e0 faire conna\u00eetre les efforts de conservation des chauves-souris au moyen de messages positifs dans les m\u00e9dias sociaux, en d\u00e9mystifiant certaines croyances et en offrant de l\u2019information fiable sur ces petits mammif\u00e8res \u00e0 l\u2019adresse <a href=\"https:\/\/cwf-fcf.org\/fr\/explorer\/chauves-souris\/\">Aidonsleschauves-souris.ca.<\/a><\/li>\n<li>Nous collaborons avec les programmes communautaires pour les chauves-souris de la Colombie-Britannique et de l\u2019Alberta afin de mettre sur pied une certification nationale pour les collectivit\u00e9s accueillantes pour les chauves-souris qui vise \u00e0 encourager les collectivit\u00e9s canadiennes \u00e0 prot\u00e9ger leurs populations locales. <em>Si vous repr\u00e9sentez une municipalit\u00e9, une communaut\u00e9 autochtone, un campus postsecondaire ou un organisme similaire int\u00e9ress\u00e9, laissez-nous un commentaire ci-dessous ou \u00e9crivez-nous \u00e0 info@cwf-fcf.org.<\/em><\/li>\n<\/ul>\n<h4><strong>\u00c0 la rescousse des tortues d\u2019eau douce<\/strong><\/h4>\n<div class=\"gallery gallery-grid\"><div class=\"row\"><div class='gallery-item col-md-4'><figure><a href='https:\/\/blog.cwf-fcf.org\/wp-content\/uploads\/2025\/10\/Photo-9_Releasing-Blandings-Turtle-hatchlings.jpg'><img loading=\"lazy\" decoding=\"async\" width=\"440\" height=\"290\" src=\"https:\/\/blog.cwf-fcf.org\/wp-content\/uploads\/2025\/10\/Photo-9_Releasing-Blandings-Turtle-hatchlings-440x290.jpg\" class=\"attachment-thumbnail size-thumbnail\" alt=\"\" aria-describedby=\"gallery-2-15975\" \/><\/a>\n          <figcaption class='wp-caption-text gallery-caption' id='gallery-2-15975'>\n          Lib\u00e9ration de nouveau-n\u00e9s de tortues mouchet\u00e9es dans une zone humide.\n          <\/figcaption><\/figure><\/div><div class='gallery-item col-md-4'><figure><a href='https:\/\/blog.cwf-fcf.org\/wp-content\/uploads\/2025\/10\/Photo-8_Public-release-of-turtle-hatchlings.jpg'><img loading=\"lazy\" decoding=\"async\" width=\"440\" height=\"290\" src=\"https:\/\/blog.cwf-fcf.org\/wp-content\/uploads\/2025\/10\/Photo-8_Public-release-of-turtle-hatchlings-440x290.jpg\" class=\"attachment-thumbnail size-thumbnail\" alt=\"\" aria-describedby=\"gallery-2-15976\" \/><\/a>\n          <figcaption class='wp-caption-text gallery-caption' id='gallery-2-15976'>\n          Remise en libert\u00e9 des nouveau-n\u00e9s de tortues serpentines.\n          <\/figcaption><\/figure><\/div><div class='gallery-item col-md-4'><figure><a href='https:\/\/blog.cwf-fcf.org\/wp-content\/uploads\/2025\/10\/Photo-7_Northern-Map-Turtle-hatchlings.jpg'><img loading=\"lazy\" decoding=\"async\" width=\"440\" height=\"290\" src=\"https:\/\/blog.cwf-fcf.org\/wp-content\/uploads\/2025\/10\/Photo-7_Northern-Map-Turtle-hatchlings-440x290.jpg\" class=\"attachment-thumbnail size-thumbnail\" alt=\"\" aria-describedby=\"gallery-2-15977\" \/><\/a>\n          <figcaption class='wp-caption-text gallery-caption' id='gallery-2-15977'>\n          B\u00e9b\u00e9s tortues g\u00e9ographiques du Nord.\n          <\/figcaption><\/figure><\/div><\/div><div class=\"row\"><div class='gallery-item col-md-4'><figure><a href='https:\/\/blog.cwf-fcf.org\/wp-content\/uploads\/2025\/10\/Photo-6_Turtle-nest-protector.jpg'><img loading=\"lazy\" decoding=\"async\" width=\"440\" height=\"290\" src=\"https:\/\/blog.cwf-fcf.org\/wp-content\/uploads\/2025\/10\/Photo-6_Turtle-nest-protector-440x290.jpg\" class=\"attachment-thumbnail size-thumbnail\" alt=\"\" aria-describedby=\"gallery-2-15978\" \/><\/a>\n          <figcaption class='wp-caption-text gallery-caption' id='gallery-2-15978'>\n          Protecteur de nid de tortue gardant les \u0153ufs de tortue en s\u00e9curit\u00e9.\n          <\/figcaption><\/figure><\/div><div class='gallery-item col-md-4'><figure><a href='https:\/\/blog.cwf-fcf.org\/wp-content\/uploads\/2025\/10\/Photo-5_Snapping-Turtle-egg-hatching.jpg'><img loading=\"lazy\" decoding=\"async\" width=\"440\" height=\"290\" src=\"https:\/\/blog.cwf-fcf.org\/wp-content\/uploads\/2025\/10\/Photo-5_Snapping-Turtle-egg-hatching-440x290.jpg\" class=\"attachment-thumbnail size-thumbnail\" alt=\"\" aria-describedby=\"gallery-2-15979\" \/><\/a>\n          <figcaption class='wp-caption-text gallery-caption' id='gallery-2-15979'>\n          Tortue serpentine en cours d&#8217;\u00e9closion.\n          <\/figcaption><\/figure><\/div><div class='gallery-item col-md-4'><figure><a href='https:\/\/blog.cwf-fcf.org\/wp-content\/uploads\/2025\/10\/Photo-4_Albino-Blandings-Turtle.jpg'><img loading=\"lazy\" decoding=\"async\" width=\"440\" height=\"290\" src=\"https:\/\/blog.cwf-fcf.org\/wp-content\/uploads\/2025\/10\/Photo-4_Albino-Blandings-Turtle-440x290.jpg\" class=\"attachment-thumbnail size-thumbnail\" alt=\"\" aria-describedby=\"gallery-2-15980\" \/><\/a>\n          <figcaption class='wp-caption-text gallery-caption' id='gallery-2-15980'>\n          Surprise en ao\u00fbt 2025! Une des deux tortues mouchet\u00e9es albinos n\u00e9es en incubateur.\n          <\/figcaption><\/figure><\/div><\/div><div class=\"row\"><div class='gallery-item col-md-4'><figure><a href='https:\/\/blog.cwf-fcf.org\/wp-content\/uploads\/2025\/10\/Photo-3_Blandings-and-Musk-T-eggs.jpg'><img loading=\"lazy\" decoding=\"async\" width=\"440\" height=\"290\" src=\"https:\/\/blog.cwf-fcf.org\/wp-content\/uploads\/2025\/10\/Photo-3_Blandings-and-Musk-T-eggs-440x290.jpg\" class=\"attachment-thumbnail size-thumbnail\" alt=\"\" aria-describedby=\"gallery-2-15981\" \/><\/a>\n          <figcaption class='wp-caption-text gallery-caption' id='gallery-2-15981'>\n          Les \u0153ufs de tortue mouchet\u00e9e \u00e0 gauche et les \u0153ufs de tortue musqu\u00e9e de l\u2019Est \u00e0 droite.\n          <\/figcaption><\/figure><\/div><div class='gallery-item col-md-4'><figure><a href='https:\/\/blog.cwf-fcf.org\/wp-content\/uploads\/2025\/10\/Photo-2_Excavating-a-turtle-nest.jpg'><img loading=\"lazy\" decoding=\"async\" width=\"440\" height=\"290\" src=\"https:\/\/blog.cwf-fcf.org\/wp-content\/uploads\/2025\/10\/Photo-2_Excavating-a-turtle-nest-440x290.jpg\" class=\"attachment-thumbnail size-thumbnail\" alt=\"\" aria-describedby=\"gallery-2-15982\" \/><\/a>\n          <figcaption class='wp-caption-text gallery-caption' id='gallery-2-15982'>\n          Creuser un nid de tortue pour collecter et incuber les \u0153ufs.\n          <\/figcaption><\/figure><\/div><div class='gallery-item col-md-4'><figure><a href='https:\/\/blog.cwf-fcf.org\/wp-content\/uploads\/2025\/10\/Photo-1_CWF-Turtle-team-collecting-turtle-eggs.jpg'><img loading=\"lazy\" decoding=\"async\" width=\"440\" height=\"290\" src=\"https:\/\/blog.cwf-fcf.org\/wp-content\/uploads\/2025\/10\/Photo-1_CWF-Turtle-team-collecting-turtle-eggs-440x290.jpg\" class=\"attachment-thumbnail size-thumbnail\" alt=\"\" aria-describedby=\"gallery-2-15983\" \/><\/a>\n          <figcaption class='wp-caption-text gallery-caption' id='gallery-2-15983'>\n          L&#8217;\u00e9quipe de la FCF collecte des \u0153ufs de tortue serpentine.\n          <\/figcaption><\/figure><\/div><\/div><\/div>\n<ul>\n<li>Au printemps, nous avons men\u00e9 des \u00e9tudes sur la <a href=\"https:\/\/cwf-fcf.org\/fr\/explorer\/tortues\/\">tortue<\/a> mouchet\u00e9e, une esp\u00e8ce en voie de disparition, dans le but de la trouver dans des endroits o\u00f9 elle n\u2019avait encore jamais \u00e9t\u00e9 r\u00e9pertori\u00e9e auparavant. Nous avons rep\u00e9r\u00e9 des tortues mouchet\u00e9es dans plusieurs nouveaux endroits, ce qui permet de mieux comprendre son aire de r\u00e9partition en Ontario.<\/li>\n<\/ul>\n<ul>\n<li>Nous avons aussi r\u00e9alis\u00e9 des enqu\u00eates et trouv\u00e9 plus de 150 tortues mortes sur les routes de l\u2019Est ontarien cette ann\u00e9e \u2014 dont 25 tortues mouchet\u00e9es. Des cl\u00f4tures de protection pour la faune ont maintenant \u00e9t\u00e9 install\u00e9es \u00e0 quatre des pires endroits pour la mortalit\u00e9 routi\u00e8re des tortues, mais il reste encore beaucoup de travail \u00e0 faire ailleurs.<\/li>\n<\/ul>\n<ul>\n<li>Nous avons recueilli et incub\u00e9 plus de 1 000 \u0153ufs de tortues dans l\u2019Est ontarien. Nous avons incub\u00e9 des \u0153ufs de tortue mouchet\u00e9e, de tortue musqu\u00e9e, de tortue g\u00e9ographique, de tortue peinte et de tortue serpentine. Cette ann\u00e9e marque une premi\u00e8re : nous avons trouv\u00e9 des \u0153ufs extr\u00eamement petits de la discr\u00e8te tortue musqu\u00e9e.<\/li>\n<\/ul>\n<ul>\n<li>Nous avons incub\u00e9 600 \u0153ufs de tortue mouchet\u00e9e cette ann\u00e9e, soit deux fois plus que toute autre ann\u00e9e pr\u00e9c\u00e9dente, ce qui repr\u00e9sente un \u00e9norme coup de pouce pour cette esp\u00e8ce en voie de disparition.<\/li>\n<li>Nous avons \u00e9galement install\u00e9 plus d\u2019une douzaine de cages de protection autour de nids de tortues peintes et de tortues serpentine particuli\u00e8rement expos\u00e9s \u00e0 la pr\u00e9dation, prot\u00e9geant ainsi plus de 300 \u0153ufs suppl\u00e9mentaires.<\/li>\n<li>Un moment fort de notre travail d\u2019incubation a \u00e9t\u00e9 la naissance de deux tortues mouchet\u00e9es albinos issues de la m\u00eame ponte. Les tortues albinos sont rares dans la nature et il s\u2019agit du premier cas connu <span data-olk-copy-source=\"MessageBody\">de tortues mouchet\u00e9es albinos<\/span> au Canada.<\/li>\n<\/ul>\n<h4><strong>Suivi de la biodiversit\u00e9 au moyen d\u2019iNaturalist \u2014 Plus de 20 millions d\u2019observations de la faune!<\/strong><\/h4>\n<div class=\"gallery gallery-grid\"><div class=\"row\"><div class='gallery-item col-md-6'><figure><a href='https:\/\/blog.cwf-fcf.org\/wp-content\/uploads\/2025\/10\/viceroy-karen-l-anderson-inat.jpg'><img loading=\"lazy\" decoding=\"async\" width=\"440\" height=\"290\" src=\"https:\/\/blog.cwf-fcf.org\/wp-content\/uploads\/2025\/10\/viceroy-karen-l-anderson-inat-440x290.jpg\" class=\"attachment-thumbnail size-thumbnail\" alt=\"\" aria-describedby=\"gallery-3-15984\" \/><\/a>\n          <figcaption class='wp-caption-text gallery-caption' id='gallery-3-15984'>\n           @karenlanderson, certains droits r\u00e9serv\u00e9s  (CC BY-NC) \n          <\/figcaption><\/figure><\/div><div class='gallery-item col-md-6'><figure><a href='https:\/\/blog.cwf-fcf.org\/wp-content\/uploads\/2025\/10\/witchs-beard-lichen-Janet-C-Jorgenson-inat.jpg'><img loading=\"lazy\" decoding=\"async\" width=\"440\" height=\"290\" src=\"https:\/\/blog.cwf-fcf.org\/wp-content\/uploads\/2025\/10\/witchs-beard-lichen-Janet-C-Jorgenson-inat-440x290.jpg\" class=\"attachment-thumbnail size-thumbnail\" alt=\"\" aria-describedby=\"gallery-3-15985\" \/><\/a>\n          <figcaption class='wp-caption-text gallery-caption' id='gallery-3-15985'>\n          @Janet C Jorgenson, certains droits r\u00e9serv\u00e9s  (CC BY-NC)\n          <\/figcaption><\/figure><\/div><\/div><\/div>\n<ul>\n<li>F\u00e9licitations \u00e0 l\u2019incroyable communaut\u00e9 <a href=\"http:\/\/inaturalist.ca\">iNaturalist<\/a>! Plus de 267 000 citoyens et citoyennes ont permis \u00e0 iNaturalist Canada d\u2019atteindre un jalon remarquable : deux millions d\u2019observations! Il y a \u00e0 peine dix ans, la FCF \u00e9tait fi\u00e8re de s\u2019associer \u00e0 iNaturalist.org pour lancer iNaturalist Canada et ainsi mieux conna\u00eetre la faune canadienne.<\/li>\n<li>En 2025, iNaturalist nous a permis de faire des d\u00e9couvertes vraiment extraordinaires, comme la trouvaille d\u2019un lichen rare et menac\u00e9, la <a href=\"https:\/\/inaturalist.ca\/observations\/261489471\">gowardie arctique<\/a> \u2013 la seule observation au monde consign\u00e9e sur iNaturalist! Nous avons aussi consign\u00e9 un incroyable <a href=\"https:\/\/inaturalist.ca\/observations\/307863899\">affrontement<\/a> entre un poisson marin capable de respirer hors de l\u2019eau (la cr\u00eate-de-coq pourpre) et une couleuvre de l\u2019Ouest. Enfin, nous avons vu l\u2019\u00e9volution en action gr\u00e2ce \u00e0 l\u2019observation <a href=\"https:\/\/inaturalist.ca\/observations\/33100863\">d\u2019un papillon amiral et vice-roi hybride<\/a>.<\/li>\n<li>Cette ann\u00e9e, nous avons aussi dirig\u00e9 <a href=\"https:\/\/cwf-fcf.org\/fr\/explorer\/inaturalist\/dnu\/\">l\u2019\u00e9quipe canadienne \u00e0 l\u2019occasion du D\u00e9fi nature urbaine<\/a>, qui a lieu au printemps et utilise iNaturalist pour consigner la biodiversit\u00e9 dans le cadre d\u2019une comp\u00e9tition amicale entre villes. Si votre collectivit\u00e9 n\u2019y a pas particip\u00e9 en 2025, d\u00e9couvrez comment y prendre part en 2026. Les participants et participantes ont r\u00e9ussi \u00e0 enregistrer plus de 150 000 observations de la faune et la flore en seulement quatre jours.<\/li>\n<li>Nous avons termin\u00e9 l\u2019\u00e9t\u00e9 en beaut\u00e9 avec le <a href=\"https:\/\/cwf-fcf.org\/fr\/explorer\/inaturalist\/bioblitz\/\">Grand bioblitz canadien de la FCF<\/a>. Des gens de partout au pays se sont rassembl\u00e9s pour recenser la faune \u00e0 l\u2019approche de l\u2019automne. Nous avons organis\u00e9 16 bioblitz en personne partout au pays, y compris des \u00e9tudes d\u2019experts sur des esp\u00e8ces sous-repr\u00e9sent\u00e9es comme des champignons rares, des araign\u00e9es de la c\u00f4te de la C.-B., des poissons d\u2019eau douce et des chauves-souris peu communes.<\/li>\n<\/ul>\n<div id=\"el\"><\/div>\n<h3><strong>\u00c9ducation et leadership<\/strong><\/h3>\n<h4><strong>\u00c9ducation-nature<\/strong><\/h4>\n<p>M\u00eame si les \u00e9coles \u00e9taient ferm\u00e9es pour l\u2019\u00e9t\u00e9, nous avons continu\u00e9 \u00e0 soutenir le perfectionnement professionnel des \u00e9ducatrices et \u00e9ducateurs par l\u2019interm\u00e9diaire de notre programme <a href=\"https:\/\/cwf-fcf.org\/fr\/explorer\/education-nature\/\">\u00c9ducation-nature<\/a>.<\/p>\n<ul>\n<li>En juillet, nous avons particip\u00e9 au sommet des \u00e9ducateurs en environnement du zoo de Calgary, o\u00f9 nous avons \u00e9chang\u00e9 avec d\u2019autres professionnels et membres du personnel enseignant sur la fa\u00e7on de renforcer la litt\u00e9ratie environnementale. Ce fut une excellente occasion de partager des id\u00e9es et d\u2019explorer de nouvelles strat\u00e9gies en \u00e9ducation ax\u00e9e sur la nature.<\/li>\n<li>En ao\u00fbt, nous avons organis\u00e9 deux retraites de formation de trois jours pour enseignantes et enseignants ressources \u00e0 Calgary et \u00e0 Winnipeg, en collaboration avec le <a href=\"https:\/\/natureducation.ca\/fr\/accueil\/\">Collectif de l\u2019\u00e9ducation par la nature<\/a>. Un total de 45 leaders p\u00e9dagogiques de neuf districts scolaires de Winnipeg et de Calgary y ont pris part et ont pu acqu\u00e9rir des outils et des strat\u00e9gies pour int\u00e9grer l\u2019\u00e9ducation ax\u00e9e sur la nature \u00e0 leur pratique.<\/li>\n<li>Nous avons \u00e9galement soutenu des camps d\u2019\u00e9t\u00e9 locaux en formant des moniteurs et monitrices pour le programme Atout-faune afin de les aider \u00e0 animer des activit\u00e9s ax\u00e9es sur la nature qui ont \u00e9veill\u00e9 la curiosit\u00e9 et la conscience environnementale des campeurs tout au long de l\u2019\u00e9t\u00e9.<\/li>\n<\/ul>\n<p>Alors que l\u2019automne est \u00e0 nos portes et que la rentr\u00e9e scolaire est entam\u00e9e, nous nous pr\u00e9parons \u00e0 l\u2019une des p\u00e9riodes les plus occup\u00e9es de l\u2019ann\u00e9e. L\u2019automne est un moment cl\u00e9 pour le perfectionnement professionnel, alors que nous collaborons \u00e9troitement \u00e0 la fois avec des enseignantes et enseignants et avec de futurs \u00e9ducateurs et \u00e9ducatrices. Nos partenariats avec de grandes universit\u00e9s nous permettent d\u2019int\u00e9grer l\u2019apprentissage ax\u00e9 sur la nature aux programmes de formation \u00e0 l\u2019enseignement, afin que la prochaine g\u00e9n\u00e9ration de p\u00e9dagogues soit outill\u00e9e pour favoriser la litt\u00e9ratie environnementale en classe.<\/p>\n<p>Avec des projets stimulants \u00e0 venir, nous avons h\u00e2te \u00e0 une nouvelle ann\u00e9e scolaire remplie de nouvelles relations qui nous permettra de poursuivre notre mission de rapprocher la population canadienne avec la nature, de renforcer une \u00e9thique de la conservation et de soutenir des mesures concr\u00e8tes pour la faune.<\/p>\n<h4><strong>Soutien de la faune au moyen du jardinage<\/strong><\/h4>\n<div class=\"gallery gallery-grid\"><div class=\"row\"><div class='gallery-item col-md-6'><figure><a href='https:\/\/blog.cwf-fcf.org\/wp-content\/uploads\/2025\/10\/A-Wildlife-friendly-Habitat-certified-property-featuring-a-bumble-bee-on-lupin-credit-Maggie-Black.jpg'><img loading=\"lazy\" decoding=\"async\" width=\"440\" height=\"290\" src=\"https:\/\/blog.cwf-fcf.org\/wp-content\/uploads\/2025\/10\/A-Wildlife-friendly-Habitat-certified-property-featuring-a-bumble-bee-on-lupin-credit-Maggie-Black-440x290.jpg\" class=\"attachment-thumbnail size-thumbnail\" alt=\"\" aria-describedby=\"gallery-4-15986\" \/><\/a>\n          <figcaption class='wp-caption-text gallery-caption' id='gallery-4-15986'>\n          Une propri\u00e9t\u00e9 certifi\u00e9e \u00ab Habitat respectueux de la faune sauvage \u00bb avec un bourdon sur un lupin \u00a9 Maggie Black\n          <\/figcaption><\/figure><\/div><div class='gallery-item col-md-6'><figure><a href='https:\/\/blog.cwf-fcf.org\/wp-content\/uploads\/2025\/10\/Annual-garden-tour-around-CWF-headquarters-credit-Amy-MacPherson.jpg'><img loading=\"lazy\" decoding=\"async\" width=\"440\" height=\"290\" src=\"https:\/\/blog.cwf-fcf.org\/wp-content\/uploads\/2025\/10\/Annual-garden-tour-around-CWF-headquarters-credit-Amy-MacPherson-440x290.jpg\" class=\"attachment-thumbnail size-thumbnail\" alt=\"\" aria-describedby=\"gallery-4-15987\" \/><\/a>\n          <figcaption class='wp-caption-text gallery-caption' id='gallery-4-15987'>\n          Visite annuelle des jardins autour du si\u00e8ge social de la FCF \u00a9 Amy MacPherson\n          <\/figcaption><\/figure><\/div><\/div><\/div>\n<p>Les experts s\u2019entendent pour dire que le <a href=\"https:\/\/cwf-fcf.org\/fr\/explorer\/jardinage-pour-la-faune\/\">jardinage<\/a> a le pouvoir de jouer un r\u00f4le d\u00e9terminant dans la conservation. Qu\u2019il s\u2019agisse d\u2019un terrain r\u00e9sidentiel, d\u2019un chalet, d\u2019un espace commercial, d\u2019une cour d\u2019\u00e9cole ou d\u2019un parc communautaire, en jardinant, nous soutenons ensemble la faune que nous aimons\u2026 et dont nous avons besoin!<\/p>\n<ul>\n<li>Cette ann\u00e9e, notre programme scolaire sur les pollinisateurs, <a href=\"https:\/\/cwf-fcf.org\/fr\/explorer\/espaces-de-vie\/\">Espaces de vie<\/a>, a continu\u00e9 de motiver des milliers d\u2019\u00e9l\u00e8ves partout au pays gr\u00e2ce \u00e0 notre contenu d\u2019apprentissage en ligne. De plus, la FCF a envoy\u00e9 des sachets de semences de plantes indig\u00e8nes \u00e0 150 \u00e9coles et pr\u00e8s de 2 400 plantes b\u00e9n\u00e9fiques \u00e0 59 autres \u00e9coles pour l\u2019am\u00e9nagement de jardins pollinisateurs.<\/li>\n<li>Le programme <a href=\"https:\/\/cwf-fcf.org\/fr\/explorer\/jardinage-pour-la-faune\/\">Jardinage pour la faune<\/a> a pr\u00e9sent\u00e9 sa s\u00e9rie annuelle de webinaires qui a rejoint plusieurs centaines de personnes au Canada. Gr\u00e2ce \u00e0 d\u2019excellents conf\u00e9renciers, nous avons appris les effets des collisions d\u2019oiseaux dans des fen\u00eatres et comment les pr\u00e9venir, l\u2019importance et la singularit\u00e9 des mouches et des papillons de nuit, ainsi que des conseils pour jardiner en tenant compte de la faune. Nous avons \u00e9galement donn\u00e9 plusieurs conf\u00e9rences virtuelles et en personne \u00e0 divers groupes int\u00e9ress\u00e9s et organis\u00e9 avec enthousiasme notre visite annuelle des jardins au si\u00e8ge social de la FCF, ce qui nous incite \u00e0 en offrir encore davantage l\u2019an prochain.<\/li>\n<li>Jusqu\u2019\u00e0 maintenant cette ann\u00e9e, notre programme de certification d\u2019habitats a <a href=\"https:\/\/cwf-fcf.org\/fr\/explorer\/jardinage-pour-la-faune\/action\/faire_certifier_son_espace_exterieur\/\">certifi\u00e9<\/a> 1 200 jardins comme habitats accueillants pour la faune, portant notre total \u00e0 pr\u00e8s de 7 000 propri\u00e9t\u00e9s. Parmi elles, plusieurs centaines de propri\u00e9taires ont choisi d\u2019acheter une affiche afin de souligner leur r\u00e9alisation, de sensibiliser leur voisinage et de d\u00e9montrer l\u2019objectif de leur jardinage.<\/li>\n<\/ul>\n<div id=\"ff\"><\/div>\n<h3><strong>For\u00eats et prairies<\/strong><\/h3>\n<h4><strong>R\u00e9seautage dans le cadre du programme de conservation des prairies indig\u00e8nes <\/strong><\/h4>\n<div class=\"gallery gallery-grid\"><div class=\"row\"><div class='gallery-item col-md-4'><figure><a href='https:\/\/blog.cwf-fcf.org\/wp-content\/uploads\/2025\/10\/Gavelin-Ranch-SK.jpg'><img loading=\"lazy\" decoding=\"async\" width=\"440\" height=\"290\" src=\"https:\/\/blog.cwf-fcf.org\/wp-content\/uploads\/2025\/10\/Gavelin-Ranch-SK-440x290.jpg\" class=\"attachment-thumbnail size-thumbnail\" alt=\"\" aria-describedby=\"gallery-5-15988\" \/><\/a>\n          <figcaption class='wp-caption-text gallery-caption' id='gallery-5-15988'>\n          Gavelin Ranch, SK\n          <\/figcaption><\/figure><\/div><div class='gallery-item col-md-4'><figure><a href='https:\/\/blog.cwf-fcf.org\/wp-content\/uploads\/2025\/10\/Pronghorn-Remote-Camera-Miistakis.jpg'><img loading=\"lazy\" decoding=\"async\" width=\"440\" height=\"290\" src=\"https:\/\/blog.cwf-fcf.org\/wp-content\/uploads\/2025\/10\/Pronghorn-Remote-Camera-Miistakis-440x290.jpg\" class=\"attachment-thumbnail size-thumbnail\" alt=\"\" aria-describedby=\"gallery-5-15989\" \/><\/a>\n          <figcaption class='wp-caption-text gallery-caption' id='gallery-5-15989'>\n          Cam\u00e9ra \u00e0 distance Antilocapre Miistakis\n          <\/figcaption><\/figure><\/div><div class='gallery-item col-md-4'><figure><a href='https:\/\/blog.cwf-fcf.org\/wp-content\/uploads\/2025\/10\/shared-image.jpg'><img loading=\"lazy\" decoding=\"async\" width=\"440\" height=\"290\" src=\"https:\/\/blog.cwf-fcf.org\/wp-content\/uploads\/2025\/10\/shared-image-440x290.jpg\" class=\"attachment-thumbnail size-thumbnail\" alt=\"\" aria-describedby=\"gallery-5-15990\" \/><\/a>\n          <figcaption class='wp-caption-text gallery-caption' id='gallery-5-15990'>\n          Voyage 2025 avec AAC (Agriculture et Agroalimentaire Canada) et SODCAP (South of the Divide Conservation Action Program).\n          <\/figcaption><\/figure><\/div><\/div><div class=\"row\"><div class='gallery-item col-md-4'><figure><a href='https:\/\/blog.cwf-fcf.org\/wp-content\/uploads\/2025\/10\/Fenceline-at-site-10.jpg'><img loading=\"lazy\" decoding=\"async\" width=\"440\" height=\"290\" src=\"https:\/\/blog.cwf-fcf.org\/wp-content\/uploads\/2025\/10\/Fenceline-at-site-10-440x290.jpg\" class=\"attachment-thumbnail size-thumbnail\" alt=\"\" aria-describedby=\"gallery-5-15991\" \/><\/a>\n          <figcaption class='wp-caption-text gallery-caption' id='gallery-5-15991'>\n          Les prairies\n          <\/figcaption><\/figure><\/div><div class='gallery-item col-md-4'><figure><a href='https:\/\/blog.cwf-fcf.org\/wp-content\/uploads\/2025\/10\/Pronghorn-Buck_Foremost_PJones.jpg'><img loading=\"lazy\" decoding=\"async\" width=\"440\" height=\"290\" src=\"https:\/\/blog.cwf-fcf.org\/wp-content\/uploads\/2025\/10\/Pronghorn-Buck_Foremost_PJones-440x290.jpg\" class=\"attachment-thumbnail size-thumbnail\" alt=\"\" aria-describedby=\"gallery-5-15992\" \/><\/a>\n          <figcaption class='wp-caption-text gallery-caption' id='gallery-5-15992'>\n          Antilocapre traversant la route\n          <\/figcaption><\/figure><\/div><div class='gallery-item col-md-4'><figure><a href='https:\/\/blog.cwf-fcf.org\/wp-content\/uploads\/2025\/10\/Two-Standing-Pronghorn.jpg'><img loading=\"lazy\" decoding=\"async\" width=\"440\" height=\"290\" src=\"https:\/\/blog.cwf-fcf.org\/wp-content\/uploads\/2025\/10\/Two-Standing-Pronghorn-440x290.jpg\" class=\"attachment-thumbnail size-thumbnail\" alt=\"\" aria-describedby=\"gallery-5-15993\" \/><\/a>\n          <figcaption class='wp-caption-text gallery-caption' id='gallery-5-15993'>\n          Antilocapres\n          <\/figcaption><\/figure><\/div><\/div><\/div>\n<p>En mai, nous avons visit\u00e9 l\u2019est de la Saskatchewan avec nos partenaires des <a href=\"https:\/\/cwf-fcf.org\/fr\/explorer\/prairies\/the-grasslands-project.html\">Laboratoires vivants<\/a> (Prairies centrales) d\u2019Agriculture et Agroalimentaire Canada et du South of the Divide Conservation Action Program afin d\u2019installer des transects d\u2019\u00e9chantillonnage de pollinisateurs dans des p\u00e2turages et des champs de foin. Ce travail servira \u00e0 \u00e9tablir des pratiques de gestion b\u00e9n\u00e9fiques pour l\u2019ensemencement des p\u00e2turages favorisant les insectes pollinisateurs. Il contribuera \u00e9galement \u00e0 des publications scientifiques que nous pr\u00e9parons avec Behnam Motamedinia, Ph.D., du Centre for Biodiversity Genomics de l\u2019Universit\u00e9 de Guelph, sur la diversit\u00e9 des insectes dans les prairies indig\u00e8nes de la Saskatchewan.<\/p>\n<p>L\u2019\u00e9quipe collabore activement avec la coalition canadienne des prairies, une initiative pancanadienne regroupant des passionn\u00e9s des prairies qui souhaitent sensibiliser la population aux merveilles de ces \u00e9cosyst\u00e8mes naturels. La coalition rassemble quelque 25 parties prenantes et, ensemble, nous m\u00e8nerons une campagne cibl\u00e9e visant \u00e0 accro\u00eetre la compr\u00e9hension du public quant aux prairies canadiennes \u2014 ce qu\u2019elles sont, pourquoi elles sont importantes et comment elles disparaissent \u2014 tout en inspirant l\u2019adoption de mesures concr\u00e8tes pour les prot\u00e9ger. Cette campagne sera lanc\u00e9e au d\u00e9but de 2026 \u2014 restez \u00e0 l\u2019\u00e9coute!<\/p>\n<p>En collaboration avec le Miistakis Institute de Calgary et l\u2019Alberta Conservation Association, nous \u00e9tudions les d\u00e9placements de l\u2019antilocapre dans les prairies. Nous avons rencontr\u00e9 des municipalit\u00e9s, des communaut\u00e9s autochtones et des repr\u00e9sentants provinciaux de l\u2019Alberta et de la Saskatchewan afin d\u2019examiner ce que nous pouvons faire pour aider la faune \u00e0 traverser les routes des prairies. Dans le monde entier, des passages sup\u00e9rieurs et inf\u00e9rieurs sp\u00e9cialement con\u00e7us pour permettre aux animaux de franchir les grandes routes sont mis en place comme solutions de conservation efficaces face \u00e0 la fragmentation de l\u2019habitat. Cette collaboration explore la possibilit\u00e9 d\u2019appliquer cette id\u00e9e \u00e0 la Transcanadienne, entre Swift Current et Medicine Hat.<\/p>\n<h4><strong>Conservation des oiseaux de prairies<\/strong><\/h4>\n<div class=\"gallery gallery-grid\"><div class=\"row\"><div class='gallery-item col-md-6'><figure><a href='https:\/\/blog.cwf-fcf.org\/wp-content\/uploads\/2021\/10\/bobolink-1285634793-440x290-1.jpg'><img loading=\"lazy\" decoding=\"async\" width=\"440\" height=\"290\" src=\"https:\/\/blog.cwf-fcf.org\/wp-content\/uploads\/2021\/10\/bobolink-1285634793-440x290-1.jpg\" class=\"attachment-thumbnail size-thumbnail\" alt=\"\" aria-describedby=\"gallery-6-10331\" \/><\/a>\n          <figcaption class='wp-caption-text gallery-caption' id='gallery-6-10331'>\n          Goglu des pr\u00e9s. \n          <\/figcaption><\/figure><\/div><div class='gallery-item col-md-6'><figure><a href='https:\/\/blog.cwf-fcf.org\/wp-content\/uploads\/2021\/10\/eastern-meadowlark-song-bird-singing-923748612-hor-440x290-1.jpg'><img loading=\"lazy\" decoding=\"async\" width=\"440\" height=\"290\" src=\"https:\/\/blog.cwf-fcf.org\/wp-content\/uploads\/2021\/10\/eastern-meadowlark-song-bird-singing-923748612-hor-440x290-1.jpg\" class=\"attachment-thumbnail size-thumbnail\" alt=\"\" aria-describedby=\"gallery-6-10332\" \/><\/a>\n          <figcaption class='wp-caption-text gallery-caption' id='gallery-6-10332'>\n          Sturnelle des pr\u00e9s. \n          <\/figcaption><\/figure><\/div><\/div><\/div>\n<p>Nous avons eu une autre saison fructueuse sur le terrain et men\u00e9 des relev\u00e9s du goglu et de la sturnelle des pr\u00e9s dans des p\u00e2turages et des champs de foin de l\u2019ouest du Qu\u00e9bec. Ce projet, r\u00e9alis\u00e9 en collaboration avec ALUS, encourage les fermes partenaires \u00e0 adopter de meilleures pratiques de gestion afin de r\u00e9duire les effets de la coupe des foins et du p\u00e2turage du b\u00e9tail sur les oiseaux de prairies pr\u00e9sents sur leurs terres. Nous avons examin\u00e9 neuf nouvelles fermes participantes, dont huit abritaient des goglus ou des sturnelles des pr\u00e9s en reproduction dans leurs champs.<\/p>\n<h4>\u202f\u00a0<strong>Programme des emprises comme habitats<\/strong><\/h4>\n<div class=\"gallery gallery-grid\"><div class=\"row\"><div class='gallery-item col-md-4'><figure><a href='https:\/\/blog.cwf-fcf.org\/wp-content\/uploads\/2025\/10\/GTHA_COP_.jpg'><img loading=\"lazy\" decoding=\"async\" width=\"440\" height=\"290\" src=\"https:\/\/blog.cwf-fcf.org\/wp-content\/uploads\/2025\/10\/GTHA_COP_-440x290.jpg\" class=\"attachment-thumbnail size-thumbnail\" alt=\"\" aria-describedby=\"gallery-7-15994\" \/><\/a>\n          <figcaption class='wp-caption-text gallery-caption' id='gallery-7-15994'>\n          Communaut\u00e9 de pratique de la GTHA \u00e0 Long Sault Conservation\n          <\/figcaption><\/figure><\/div><div class='gallery-item col-md-4'><figure><a href='https:\/\/blog.cwf-fcf.org\/wp-content\/uploads\/2025\/10\/Monarch-caterpillar_VickyP.jpg'><img loading=\"lazy\" decoding=\"async\" width=\"440\" height=\"290\" src=\"https:\/\/blog.cwf-fcf.org\/wp-content\/uploads\/2025\/10\/Monarch-caterpillar_VickyP-440x290.jpg\" class=\"attachment-thumbnail size-thumbnail\" alt=\"\" aria-describedby=\"gallery-7-15995\" \/><\/a>\n          <figcaption class='wp-caption-text gallery-caption' id='gallery-7-15995'>\n          Suivi de la migration des monarques \u00a9Vicky P\n          <\/figcaption><\/figure><\/div><div class='gallery-item col-md-4'><figure><a href='https:\/\/blog.cwf-fcf.org\/wp-content\/uploads\/2025\/10\/Monarch_VickyP.jpg'><img loading=\"lazy\" decoding=\"async\" width=\"440\" height=\"290\" src=\"https:\/\/blog.cwf-fcf.org\/wp-content\/uploads\/2025\/10\/Monarch_VickyP-440x290.jpg\" class=\"attachment-thumbnail size-thumbnail\" alt=\"\" aria-describedby=\"gallery-7-15996\" \/><\/a>\n          <figcaption class='wp-caption-text gallery-caption' id='gallery-7-15996'>\n          Suivi de la migration des monarques \u00a9Vicky P\n          <\/figcaption><\/figure><\/div><\/div><\/div>\n<ul>\n<li>L\u2019\u00e9quipe a poursuivi ses efforts de restauration de paysages fonctionnels en habitats de prairies indig\u00e8nes en partenariat avec divers gestionnaires de terrains dans le sud-ouest de l\u2019Ontario, la r\u00e9gion \u00e9largie du Golden Horseshoe, l\u2019est de l\u2019Ontario et, tout r\u00e9cemment, la r\u00e9gion de l\u2019Outaouais au Qu\u00e9bec.<\/li>\n<li>Notre premier projet au Qu\u00e9bec a \u00e9t\u00e9 lanc\u00e9 ce printemps. La FCF souhaite \u00e9largir ses activit\u00e9s dans cette r\u00e9gion et explore actuellement des possibilit\u00e9s de partenariats, tout en pr\u00e9parant des ressources destin\u00e9es aux publics francophones.<\/li>\n<li>Pour l\u2019ann\u00e9e 2024-2025, nous avons restaur\u00e9 un total de 33,54 hectares d\u2019habitats de prairies indig\u00e8nes pour les monarques, ce qui porte \u00e0 plus de 1 828 hectares la superficie restaur\u00e9e jusqu\u2019\u00e0 pr\u00e9sent dans le cadre du programme des emprises comme habitats.<\/li>\n<\/ul>\n<div id=\"lr\"><\/div>\n<h3><strong>Lacs et rivi\u00e8res <\/strong><\/h3>\n<h4><strong>R\u00e9tablissement de la connectivit\u00e9 et sensibilisation du public \u00e0 la pr\u00e9carit\u00e9 des habitats de poissons <\/strong><\/h4>\n<p><img loading=\"lazy\" decoding=\"async\" class=\"aligncenter wp-image-15997 size-full\" src=\"https:\/\/blog.cwf-fcf.org\/wp-content\/uploads\/2025\/10\/eel-in-hands-1.jpg\" alt=\"\" width=\"1024\" height=\"768\" srcset=\"https:\/\/blog.cwf-fcf.org\/wp-content\/uploads\/2025\/10\/eel-in-hands-1.jpg 1024w, https:\/\/blog.cwf-fcf.org\/wp-content\/uploads\/2025\/10\/eel-in-hands-1-640x480.jpg 640w, https:\/\/blog.cwf-fcf.org\/wp-content\/uploads\/2025\/10\/eel-in-hands-1-768x576.jpg 768w, https:\/\/blog.cwf-fcf.org\/wp-content\/uploads\/2025\/10\/eel-in-hands-1-530x398.jpg 530w\" sizes=\"auto, (max-width: 1024px) 100vw, 1024px\" \/>Le programme d\u2019eau douce de la FCF met l\u2019accent sur la restauration de la connectivit\u00e9 en \u00e9valuant et en \u00e9liminant les obstacles au passage du poisson et en sensibilisant le public \u00e0 la <a href=\"https:\/\/cwf-fcf.org\/fr\/explorer\/permettre-le-passage-du-poisson\/\">conservation des habitats essentiels<\/a>. Voici quelques faits saillants.<\/p>\n<ul>\n<li>La FCF collabore avec un groupe de partenaires autochtones et d\u2019organisations non gouvernementales pour cr\u00e9er une initiative transfrontali\u00e8re \u00e9largie de conservation de l\u2019anguille d\u2019Am\u00e9rique. Ce poisson unique doit migrer entre les \u00e9cosyst\u00e8mes marins et d\u2019eau douce pour compl\u00e9ter son cycle vital. Cependant, il est particuli\u00e8rement menac\u00e9 par les barrages hydro\u00e9lectriques qui repr\u00e9sentent \u00e0 la fois des obstacles \u00e0 la remont\u00e9e des cours d\u2019eau et des dangers mortels durant la migration vers l\u2019aval. De nouvelles technologies, strat\u00e9gies et pratiques \u00e9mergent et pourraient am\u00e9liorer la s\u00e9curit\u00e9 du passage des anguilles sans nuire de fa\u00e7on significative \u00e0 la production d\u2019\u00e9lectricit\u00e9.<\/li>\n<li>La FCF a mis au point une application mobile d\u2019\u00e9valuation communautaire des obstacles aquatiques appel\u00e9e <strong>CanFishPass<\/strong>. Cette application guide les utilisateurs vers l\u2019emplacement de structures aquatiques potentielles et leur permet de r\u00e9aliser des \u00e9valuations simples et rapides, sans formation ni \u00e9quipement, et sans entrer dans l\u2019eau. Chaque \u00e9valuation est int\u00e9gr\u00e9e \u00e0 la Base de donn\u00e9es canadienne sur les obstacles aquatiques afin d\u2019encourager l\u2019adoption de mesures concr\u00e8tes pour remplacer les structures probl\u00e9matiques. Pour en savoir plus, consultez : <a href=\"https:\/\/cabd-docs.netlify.app\/docs_user\/docs_user_app\">https:\/\/cabd-docs.netlify.app\/docs_user\/docs_user_app<\/a>.<\/li>\n<li>La FCF \u00e9labore ou met en \u0153uvre 15 plans de restauration de la connectivit\u00e9 des bassins versants partout au Canada, dont sept dirig\u00e9s par des Premi\u00e8res Nations. Dans ces bassins, les obstacles sont cartographi\u00e9s et prioris\u00e9s afin de r\u00e9tablir l\u2019acc\u00e8s aux habitats pour des esp\u00e8ces comme le saumon et la truite. <a href=\"https:\/\/cwf-fcf.org\/fr\/ressources\/telecharger\/pdf\/Fr_Backgrounder_2020Projects.pdf\" target=\"_blank\" rel=\"noopener noreferrer\">Pour en savoir plus sur certains de nos 26 projets de restauration du passage des poissons r\u00e9alis\u00e9s en Colombie-Britannique &gt;<\/a><\/li>\n<li>La FCF travaille activement \u00e0 promouvoir de meilleurs r\u00e9sultats pour les poissons et leur habitat dans le cadre de la <em>Loi sur les p\u00eaches<\/em>, notamment en exigeant de meilleures mesures compensatoires pour la pr\u00e9servation d\u2019habitats, en ralentissant les effets cumulatifs et en r\u00e9duisant la fragmentation de nos cours d\u2019eau caus\u00e9e par les obstacles. L\u2019an dernier, la FCF a comparu devant le Comit\u00e9 permanent des p\u00eaches et des oc\u00e9ans de la Chambre des communes ainsi que devant le S\u00e9nat du Canada. Nous continuons de rencontrer des ministres, des parlementaires et des hauts fonctionnaires afin d\u2019atteindre ces objectifs, ce qui comprend la mise en place de m\u00e9canismes comme l\u2019\u00e9tablissement d\u2019une banque d\u2019habitats par des tiers et le paiement de frais au lieu de mesures compensatoires, des outils durables qui garantiront que la restauration et la conservation des habitats soient prises en compte dans le cadre du d\u00e9veloppement \u00e9conomique du pays.<\/li>\n<li>La FCF collabore avec la F\u00e9d\u00e9ration du saumon Atlantique pour cartographier les obstacles au saumon atlantique dans l\u2019ensemble de son aire de r\u00e9partition au Canada. Des renseignements additionnels sur ce projet seront publi\u00e9s l\u2019an prochain.<\/li>\n<\/ul>\n<h4><strong>Restauration des rivages gr\u00e2ce \u00e0 Votre lac et vous \u00a0<\/strong><\/h4>\n<p>Les propri\u00e9taires riverains continuent de montrer leur amour pour leur lac gr\u00e2ce au programme d\u2019\u00e9valuation et d\u2019intendance des rives <a href=\"https:\/\/loveyourlake.ca\/\">Votre lac et vous<\/a>. Ce programme conjoint est rendu possible gr\u00e2ce \u00e0 nos partenaires r\u00e9gionaux en Colombie-Britannique, en Ontario et en Nouvelle-\u00c9cosse qui le mettent en \u0153uvre aupr\u00e8s des lacs de leur r\u00e9gion.<\/p>\n<div class=\"gallery gallery-grid\"><div class=\"row\"><div class='gallery-item col-md-6'><figure><a href='https:\/\/blog.cwf-fcf.org\/wp-content\/uploads\/2025\/09\/Noah-2020_.jpg'><img loading=\"lazy\" decoding=\"async\" width=\"461\" height=\"615\" src=\"https:\/\/blog.cwf-fcf.org\/wp-content\/uploads\/2025\/09\/Noah-2020_.jpg\" class=\"attachment-full size-full\" alt=\"\" aria-describedby=\"gallery-8-15935\" \/><\/a>\n          <figcaption class='wp-caption-text gallery-caption' id='gallery-8-15935'>\n          \u00a9 RAH2050.ca\n          <\/figcaption><\/figure><\/div><div class='gallery-item col-md-6'><figure><a href='https:\/\/blog.cwf-fcf.org\/wp-content\/uploads\/2025\/09\/Noah-2020-scaled.jpg'><img loading=\"lazy\" decoding=\"async\" width=\"1920\" height=\"2560\" src=\"https:\/\/blog.cwf-fcf.org\/wp-content\/uploads\/2025\/09\/Noah-2020-scaled.jpg\" class=\"attachment-full size-full\" alt=\"\" aria-describedby=\"gallery-8-15937\" srcset=\"https:\/\/blog.cwf-fcf.org\/wp-content\/uploads\/2025\/09\/Noah-2020-scaled.jpg 1920w, https:\/\/blog.cwf-fcf.org\/wp-content\/uploads\/2025\/09\/Noah-2020-640x853.jpg 640w, https:\/\/blog.cwf-fcf.org\/wp-content\/uploads\/2025\/09\/Noah-2020-1100x1467.jpg 1100w, https:\/\/blog.cwf-fcf.org\/wp-content\/uploads\/2025\/09\/Noah-2020-768x1024.jpg 768w, https:\/\/blog.cwf-fcf.org\/wp-content\/uploads\/2025\/09\/Noah-2020-1152x1536.jpg 1152w, https:\/\/blog.cwf-fcf.org\/wp-content\/uploads\/2025\/09\/Noah-2020-1536x2048.jpg 1536w, https:\/\/blog.cwf-fcf.org\/wp-content\/uploads\/2025\/09\/Noah-2020-530x707.jpg 530w\" sizes=\"auto, (max-width: 1920px) 100vw, 1920px\" \/><\/a>\n          <figcaption class='wp-caption-text gallery-caption' id='gallery-8-15937'>\n          \u00a9 RAH2050.ca\n          <\/figcaption><\/figure><\/div><\/div><\/div>\n<ul>\n<li>Cet \u00e9t\u00e9, environ 2 700 propri\u00e9t\u00e9s riveraines ont \u00e9t\u00e9 \u00e9valu\u00e9es sur 15 lacs. Les propri\u00e9taires recevront gratuitement un rapport personnalis\u00e9 sur leur propri\u00e9t\u00e9 riveraine, comprenant des conseils et des recommandations pour am\u00e9liorer la sant\u00e9 de leur rive et de leur lac. Les associations de lacs participantes recevront, pour leur part, un rapport sommaire \u00e0 l\u2019\u00e9chelle communautaire, accompagn\u00e9 de recommandations en mati\u00e8re d\u2019intendance.<\/li>\n<li>Cinq projets de micro-subventions ont \u00e9t\u00e9 r\u00e9alis\u00e9s aupr\u00e8s des lacs ayant d\u00e9j\u00e0 \u00e9t\u00e9 \u00e9valu\u00e9s dans le cadre du programme Votre lac et vous. Les associations laur\u00e9ates ont re\u00e7u jusqu\u2019\u00e0 500\u00a0$ pour naturaliser leurs rives au moyen de plantes indig\u00e8nes. Merci aux nombreux b\u00e9n\u00e9voles communautaires qui ont contribu\u00e9 \u00e0 restaurer encore plus de rives au Canada!<\/li>\n<li>Depuis le lancement du programme en 2013, pr\u00e8s de 55 000 propri\u00e9t\u00e9s ont \u00e9t\u00e9 \u00e9valu\u00e9es sur 244 lacs. Plus de 4\u00a0000\u00a0kilom\u00e8tres de rives ont \u00e9t\u00e9 \u00e9valu\u00e9s \u2014 soit \u00e0 peu pr\u00e8s la distance entre Halifax (N.-\u00c9.) et Grand Rapids (Man.).<\/li>\n<\/ul>\n<p>Avec l\u2019appui de nos partenaires, nous avons h\u00e2te de d\u00e9ployer le programme Votre lac et vous aupr\u00e8s d\u2019un plus grand nombre de lacs du Canada afin d\u2019am\u00e9liorer la sant\u00e9 des lacs pour la faune et les g\u00e9n\u00e9rations futures. Pour plus d\u2019information sur le programme, visitez <a href=\"https:\/\/loveyourlake.ca\/\">LoveYourLake.ca<\/a>. Si vous souhaitez mettre en \u0153uvre le programme pour votre lac, \u00e9crivez-nous \u00e0 <a href=\"mailto:info@loveyourlake.ca\">info@loveyourlake.ca<\/a>.<\/p>\n<div id=\"co\"><\/div>\n<h3><strong>C\u00f4tes et oc\u00e9ans<\/strong><\/h3>\n<h4><strong>Programmes visant les grandes baleines <\/strong><\/h4>\n<p>L\u2019\u00e9quipe des sciences de la conservation marine a connu un \u00e9t\u00e9 2025 bien rempli et riche en collaborations, travaillant aux c\u00f4t\u00e9s de nombreux partenaires pour favoriser une cohabitation durable avec les <a href=\"https:\/\/cwf-fcf.org\/fr\/explorer\/baleine-noire\/\">grandes baleines<\/a> du Canada!<\/p>\n<div class=\"gallery gallery-grid\"><div class=\"row\"><div class='gallery-item col-md-4'><figure><a href='https:\/\/blog.cwf-fcf.org\/wp-content\/uploads\/2025\/10\/2025-gear-location-marking-trial-tech-Mathias-C.jpg'><img loading=\"lazy\" decoding=\"async\" width=\"440\" height=\"290\" src=\"https:\/\/blog.cwf-fcf.org\/wp-content\/uploads\/2025\/10\/2025-gear-location-marking-trial-tech-Mathias-C-440x290.jpg\" class=\"attachment-thumbnail size-thumbnail\" alt=\"\" aria-describedby=\"gallery-9-15998\" \/><\/a>\n          <figcaption class='wp-caption-text gallery-caption' id='gallery-9-15998'>\n          Tester les syst\u00e8mes de marquage de l&#8217;emplacement des engins\n          <\/figcaption><\/figure><\/div><div class='gallery-item col-md-4'><figure><a href='https:\/\/blog.cwf-fcf.org\/wp-content\/uploads\/2025\/10\/2025-on-demand-gear-trial-edgetech-system.jpg'><img loading=\"lazy\" decoding=\"async\" width=\"440\" height=\"290\" src=\"https:\/\/blog.cwf-fcf.org\/wp-content\/uploads\/2025\/10\/2025-on-demand-gear-trial-edgetech-system-440x290.jpg\" class=\"attachment-thumbnail size-thumbnail\" alt=\"\" aria-describedby=\"gallery-9-15999\" \/><\/a>\n          <figcaption class='wp-caption-text gallery-caption' id='gallery-9-15999'>\n          Essai du syst\u00e8me de p\u00eache \u00e0 corde d\u00e9clenchable EdgeTech\n          <\/figcaption><\/figure><\/div><div class='gallery-item col-md-4'><figure><a href='https:\/\/blog.cwf-fcf.org\/wp-content\/uploads\/2025\/10\/2025-Ali-G-BC-trial.jpg'><img loading=\"lazy\" decoding=\"async\" width=\"440\" height=\"290\" src=\"https:\/\/blog.cwf-fcf.org\/wp-content\/uploads\/2025\/10\/2025-Ali-G-BC-trial-440x290.jpg\" class=\"attachment-thumbnail size-thumbnail\" alt=\"\" aria-describedby=\"gallery-9-16000\" \/><\/a>\n          <figcaption class='wp-caption-text gallery-caption' id='gallery-9-16000'>\n          Essais d\u2019\u00e9quipement \u00e0 la demande en Colombie-Britannique\n          <\/figcaption><\/figure><\/div><\/div><div class=\"row\"><div class='gallery-item col-md-4'><figure><a href='https:\/\/blog.cwf-fcf.org\/wp-content\/uploads\/2025\/10\/2025-BC-trial-with-Tlaamin-Guardian-Group.jpg'><img loading=\"lazy\" decoding=\"async\" width=\"440\" height=\"290\" src=\"https:\/\/blog.cwf-fcf.org\/wp-content\/uploads\/2025\/10\/2025-BC-trial-with-Tlaamin-Guardian-Group-440x290.jpg\" class=\"attachment-thumbnail size-thumbnail\" alt=\"\" aria-describedby=\"gallery-9-16001\" \/><\/a>\n          <figcaption class='wp-caption-text gallery-caption' id='gallery-9-16001'>\n          Essais d&#8217;\u00e9quipement \u00e0 la demande avec les gardiens Tla&#8217;amin \u00e0 Powell River, en Colombie-Britannique\n          <\/figcaption><\/figure><\/div><div class='gallery-item col-md-4'><figure><a href='https:\/\/blog.cwf-fcf.org\/wp-content\/uploads\/2025\/10\/2025-Harbour-seal-friend-during-BC-trial.jpg'><img loading=\"lazy\" decoding=\"async\" width=\"440\" height=\"290\" src=\"https:\/\/blog.cwf-fcf.org\/wp-content\/uploads\/2025\/10\/2025-Harbour-seal-friend-during-BC-trial-440x290.jpg\" class=\"attachment-thumbnail size-thumbnail\" alt=\"\" aria-describedby=\"gallery-9-16002\" \/><\/a>\n          <figcaption class='wp-caption-text gallery-caption' id='gallery-9-16002'>\n          Phoque commun supervise les essais en Colombie-Britannique.\n          <\/figcaption><\/figure><\/div><div class='gallery-item col-md-4'><figure><a href='https:\/\/blog.cwf-fcf.org\/wp-content\/uploads\/2025\/10\/2025-tech-Maddie-T-lift-bag-system.jpg'><img loading=\"lazy\" decoding=\"async\" width=\"440\" height=\"290\" src=\"https:\/\/blog.cwf-fcf.org\/wp-content\/uploads\/2025\/10\/2025-tech-Maddie-T-lift-bag-system-440x290.jpg\" class=\"attachment-thumbnail size-thumbnail\" alt=\"\" aria-describedby=\"gallery-9-16003\" \/><\/a>\n          <figcaption class='wp-caption-text gallery-caption' id='gallery-9-16003'>\n          Tri du syst\u00e8me de coussin de levage Ropeless RISER pour les essais\n          <\/figcaption><\/figure><\/div><\/div><div class=\"row\"><div class='gallery-item col-md-4'><figure><a href='https:\/\/blog.cwf-fcf.org\/wp-content\/uploads\/2025\/10\/2025-training-new-technicians.jpg'><img loading=\"lazy\" decoding=\"async\" width=\"440\" height=\"290\" src=\"https:\/\/blog.cwf-fcf.org\/wp-content\/uploads\/2025\/10\/2025-training-new-technicians-440x290.jpg\" class=\"attachment-thumbnail size-thumbnail\" alt=\"\" aria-describedby=\"gallery-9-16004\" \/><\/a>\n          <figcaption class='wp-caption-text gallery-caption' id='gallery-9-16004'>\n          Formation de nouveaux technologues pour le programme.\n          <\/figcaption><\/figure><\/div><\/div><\/div>\n<ul>\n<li>L\u2019\u00e9quipe de recherche marine a commenc\u00e9 l\u2019\u00e9t\u00e9 en force avec une nouvelle publication montrant que les fermetures spatio-temporelles des p\u00eaches dans le golfe du Saint-Laurent r\u00e9duisent jusqu\u2019\u00e0 62\u00a0% le risque d\u2019enchev\u00eatrement pour la baleine noire de l\u2019Atlantique Nord. Cette information nous aide \u00e0 mieux comprendre comment am\u00e9liorer la gestion des p\u00eaches pour prot\u00e9ger cette esp\u00e8ce.<\/li>\n<li>Notre \u00e9quipe sur le terrain a poursuivi l\u2019essai d\u2019engins de p\u00eache \u00e0 la demande. Sept essais ont \u00e9t\u00e9 r\u00e9alis\u00e9s cette ann\u00e9e et plus de 300 d\u00e9ploiements \u2014 portant notre total \u00e0 plus de 1 600 d\u00e9ploiements depuis 2019! Ces essais ont permis d\u2019int\u00e9grer 4 nouveaux p\u00eacheurs partenaires, maintenant bien form\u00e9s sur l\u2019utilisation de ce type d\u2019engin.<\/li>\n<li>L\u2019\u00e9quipe a \u00e9galement explor\u00e9 la pertinence des syst\u00e8mes de rep\u00e9rage des engins de p\u00eache \u00e0 la demande dans tout l\u2019Atlantique canadien en mettant \u00e0 l\u2019essai des dispositifs capables de localiser les engins sous l\u2019eau. Gr\u00e2ce \u00e0 de nombreux essais en mer, nous analysons la pr\u00e9cision de ces outils afin de r\u00e9duire les conflits li\u00e9s aux engins et de faciliter leur adoption.<\/li>\n<li>En Colombie-Britannique, notre \u00e9quipe du programme du Pacifique a test\u00e9 5 syst\u00e8mes \u00e0 la demande en ao\u00fbt avec l\u2019\u00e9quipe des Gardiens de la Nation Tla\u2019amin, avec 27 d\u00e9ploiements, en plus des essais r\u00e9alis\u00e9s au printemps avec des p\u00eacheurs commerciaux de crevettes. Nous avons \u00e9galement particip\u00e9 \u00e0 des d\u00e9monstrations aupr\u00e8s de l\u2019administration portuaire de Vancouver, ainsi que des Premi\u00e8res Nations Tsawwassen et Musqueam.<\/li>\n<li>Notre \u00e9quipe en C.-B. a aussi \u00e9valu\u00e9 le risque d\u2019enchev\u00eatrement des rorquals \u00e0 bosse et des baleines grises. Nous avons mis \u00e0 jour nos m\u00e9thodes, mobilis\u00e9 nos partenaires et lanc\u00e9 des analyses pr\u00e9liminaires de la pr\u00e9sence de baleines sur la c\u00f4te ouest. Ce travail sera pr\u00e9sent\u00e9 lors de notre 2<sup>e<\/sup> atelier annuel pour les intervenants en janvier.<\/li>\n<li>Enfin, nous poursuivons nos efforts de sensibilisation et de collaboration pour soutenir l\u2019adoption des engins de p\u00eache \u00e0 la demande. Cette d\u00e9marche comprend des d\u00e9monstrations en entrep\u00f4t et sur le terrain avec des membres du minist\u00e8re provincial des p\u00eaches de la Nouvelle-\u00c9cosse et de P\u00eaches et Oc\u00e9ans Canada. D\u2019ailleurs, nous aiderons cette ann\u00e9e les agents des p\u00eaches des \u00e9quipes de Conservation et Protection \u00e0 r\u00e9aliser leurs propres essais afin de se former \u00e0 l\u2019application de la r\u00e9glementation sur ces engins.<\/li>\n<\/ul>\n<p>Avec plusieurs pr\u00e9sentations \u00e0 des conf\u00e9rences et des rencontres avec des repr\u00e9sentants gouvernementaux, des p\u00eacheurs et d\u2019autres partenaires \u00e0 l\u2019automne, notre \u00e9quipe est enthousiaste \u00e0 l\u2019id\u00e9e de maintenir cet \u00e9lan jusqu\u2019\u00e0 la fin de 2025.<\/p>\n","protected":false},"excerpt":{"rendered":"<div class=\"post-excerpt\">Notre mot cl\u00e9 pour 2025 est collaboration. La F\u00e9d\u00e9ration canadienne de la faune a pass\u00e9 l\u2019ann\u00e9e \u00e0 collaborer. Nous avons uni nos forces pour cr\u00e9er une coalition pour les prairies&hellip;<\/div>\n","protected":false},"author":1,"featured_media":15983,"comment_status":"open","ping_status":"open","sticky":false,"template":"","format":"standard","meta":{"_exactmetrics_skip_tracking":false,"_exactmetrics_sitenote_active":false,"_exactmetrics_sitenote_note":"","_exactmetrics_sitenote_category":0,"footnotes":""},"categories":[794],"tags":[10269],"class_list":["post-16011","post","type-post","status-publish","format-standard","has-post-thumbnail","hentry","category-contact-avec-la-nature","tag-rapport"],"_links":{"self":[{"href":"https:\/\/blog.cwf-fcf.org\/index.php\/wp-json\/wp\/v2\/posts\/16011","targetHints":{"allow":["GET"]}}],"collection":[{"href":"https:\/\/blog.cwf-fcf.org\/index.php\/wp-json\/wp\/v2\/posts"}],"about":[{"href":"https:\/\/blog.cwf-fcf.org\/index.php\/wp-json\/wp\/v2\/types\/post"}],"author":[{"embeddable":true,"href":"https:\/\/blog.cwf-fcf.org\/index.php\/wp-json\/wp\/v2\/users\/1"}],"replies":[{"embeddable":true,"href":"https:\/\/blog.cwf-fcf.org\/index.php\/wp-json\/wp\/v2\/comments?post=16011"}],"version-history":[{"count":10,"href":"https:\/\/blog.cwf-fcf.org\/index.php\/wp-json\/wp\/v2\/posts\/16011\/revisions"}],"predecessor-version":[{"id":16085,"href":"https:\/\/blog.cwf-fcf.org\/index.php\/wp-json\/wp\/v2\/posts\/16011\/revisions\/16085"}],"wp:featuredmedia":[{"embeddable":true,"href":"https:\/\/blog.cwf-fcf.org\/index.php\/wp-json\/wp\/v2\/media\/15983"}],"wp:attachment":[{"href":"https:\/\/blog.cwf-fcf.org\/index.php\/wp-json\/wp\/v2\/media?parent=16011"}],"wp:term":[{"taxonomy":"category","embeddable":true,"href":"https:\/\/blog.cwf-fcf.org\/index.php\/wp-json\/wp\/v2\/categories?post=16011"},{"taxonomy":"post_tag","embeddable":true,"href":"https:\/\/blog.cwf-fcf.org\/index.php\/wp-json\/wp\/v2\/tags?post=16011"}],"curies":[{"name":"wp","href":"https:\/\/api.w.org\/{rel}","templated":true}]}}