{"id":14844,"date":"2024-11-14T18:31:10","date_gmt":"2024-11-14T18:31:10","guid":{"rendered":"https:\/\/blog.cwf-fcf.org\/?p=14844"},"modified":"2024-11-21T21:30:59","modified_gmt":"2024-11-21T21:30:59","slug":"six-raisons-pour-lesquelles-il-y-a-tant-despeces-dans-le-melange","status":"publish","type":"post","link":"https:\/\/blog.cwf-fcf.org\/index.php\/fr\/six-raisons-pour-lesquelles-il-y-a-tant-despeces-dans-le-melange\/","title":{"rendered":"Six raisons pour lesquelles il y a tant d&#8217;esp\u00e8ces dans le m\u00e9lange"},"content":{"rendered":"<h2><strong>Durant la cr\u00e9ation d&#8217;un m\u00e9lange de graines indig\u00e8nes pour des prairies qui attirent les pollinisateurs, nous vous conseillons d&#8217;inclure de nombreuses esp\u00e8ces (parfois m\u00eame jusqu&#8217;\u00e0 25).<\/strong><\/h2>\n<p>Mais pourquoi?<\/p>\n<p>L&#8217;achat d&#8217;un m\u00e9lange aussi diversifi\u00e9 peut s&#8217;av\u00e9rer assez co\u00fbteux, souvent 2\u00a0500\u00a0$ par hectare (pour environ huit kilogrammes par hectare). Il peut \u00eatre difficile de s&#8217;approvisionner localement, en fonction de ce que les cultivateurs ont pu recueillir et conserver. Si vous pouvez trouver les esp\u00e8ces que vous recherchez, il se pourrait que vous ne puissiez pas trouver les volumes dont vous avez besoin pour votre projet.<\/p>\n<p>Alors pourquoi avons-nous cet objectif d\u2019inclure de nombreuses esp\u00e8ces de plantes pollinisatrices?<\/p>\n<p>Voici une liste de six raisons pour lesquelles il vaut la peine de consacrer du temps et des efforts \u00e0 la cr\u00e9ation d&#8217;un m\u00e9lange de semences diversifi\u00e9 pour votre projet de prairie.<\/p>\n<h3><strong>1. Fournir des ressources alimentaires afin d\u2019attirer une riche gamme de pollinisateurs <\/strong><\/h3>\n<figure id=\"attachment_14822\" aria-describedby=\"caption-attachment-14822\" style=\"width: 936px\" class=\"wp-caption alignnone\"><img loading=\"lazy\" decoding=\"async\" class=\"wp-image-14822 size-full\" src=\"https:\/\/blog.cwf-fcf.org\/wp-content\/uploads\/2024\/11\/figure-1.jpg\" alt=\"\" width=\"936\" height=\"383\" srcset=\"https:\/\/blog.cwf-fcf.org\/wp-content\/uploads\/2024\/11\/figure-1.jpg 936w, https:\/\/blog.cwf-fcf.org\/wp-content\/uploads\/2024\/11\/figure-1-640x262.jpg 640w, https:\/\/blog.cwf-fcf.org\/wp-content\/uploads\/2024\/11\/figure-1-768x314.jpg 768w, https:\/\/blog.cwf-fcf.org\/wp-content\/uploads\/2024\/11\/figure-1-530x217.jpg 530w\" sizes=\"auto, (max-width: 936px) 100vw, 936px\" \/><figcaption id=\"caption-attachment-14822\" class=\"wp-caption-text\">Figure 1 : Graphique montrant que le nombre d&#8217;abeilles sauvages pr\u00e9sentes augmente avec le nombre d&#8217;esp\u00e8ces de plantes dans le m\u00e9lange de graines, atteignant un nombre maximum d\u2019environ 26 esp\u00e8ces.<\/figcaption><\/figure>\n<h3><strong>2. Fournir du nectar et du pollen pendant plusieurs saisons <\/strong><\/h3>\n<p><img loading=\"lazy\" decoding=\"async\" class=\"alignleft size-full wp-image-14825\" src=\"https:\/\/blog.cwf-fcf.org\/wp-content\/uploads\/2024\/11\/Hairy-Beardstongue-mary-anne-borge.jpg\" alt=\"\" width=\"268\" height=\"263\" \/>Le penst\u00e9mon hirsute (<em>Penstemon hirsutus<\/em>) fleurit au printemps et au d\u00e9but de l&#8217;\u00e9t\u00e9 lorsque les ressources florales sont rares dans l&#8217;est de l&#8217;Ontario. Mary Anne Borge<\/p>\n<p>&nbsp;<\/p>\n<p><strong> 3. Fournir une vari\u00e9t\u00e9 de couleurs de fleurs<\/strong><\/p>\n<figure id=\"attachment_14824\" aria-describedby=\"caption-attachment-14824\" style=\"width: 936px\" class=\"wp-caption alignnone\"><img loading=\"lazy\" decoding=\"async\" class=\"wp-image-14824 size-full\" src=\"https:\/\/blog.cwf-fcf.org\/wp-content\/uploads\/2024\/11\/figure-2.jpg\" alt=\"\" width=\"936\" height=\"689\" srcset=\"https:\/\/blog.cwf-fcf.org\/wp-content\/uploads\/2024\/11\/figure-2.jpg 936w, https:\/\/blog.cwf-fcf.org\/wp-content\/uploads\/2024\/11\/figure-2-640x471.jpg 640w, https:\/\/blog.cwf-fcf.org\/wp-content\/uploads\/2024\/11\/figure-2-768x565.jpg 768w, https:\/\/blog.cwf-fcf.org\/wp-content\/uploads\/2024\/11\/figure-2-530x390.jpg 530w\" sizes=\"auto, (max-width: 936px) 100vw, 936px\" \/><figcaption id=\"caption-attachment-14824\" class=\"wp-caption-text\">Exemple de graines de plantes s\u00e9lectionn\u00e9es dans un m\u00e9lange et des esp\u00e8ces qu&#8217;elles soutiennent pendant les mois de juillet-ao\u00fbt. Notez \u00e9galement la couleur fournie par l&#8217;esp\u00e8ce. (Extrait de l&#8217;outil de calcul des graines, Stefan Webber) (en anglais seulement)<\/figcaption><\/figure>\n<h3><strong>4. Soutenir des esp\u00e8ces g\u00e9n\u00e9ralistes et sp\u00e9cialistes<\/strong><\/h3>\n<div class=\"gallery gallery-grid\"><div class=\"row\"><div class='gallery-item col-md-6'><figure><a href='https:\/\/blog.cwf-fcf.org\/wp-content\/uploads\/2024\/11\/Perdita-octomaculata-Gil-Miranda.jpg'><img loading=\"lazy\" decoding=\"async\" width=\"592\" height=\"425\" src=\"https:\/\/blog.cwf-fcf.org\/wp-content\/uploads\/2024\/11\/Perdita-octomaculata-Gil-Miranda.jpg\" class=\"attachment-square size-square\" alt=\"\" aria-describedby=\"gallery-1-14827\" srcset=\"https:\/\/blog.cwf-fcf.org\/wp-content\/uploads\/2024\/11\/Perdita-octomaculata-Gil-Miranda.jpg 592w, https:\/\/blog.cwf-fcf.org\/wp-content\/uploads\/2024\/11\/Perdita-octomaculata-Gil-Miranda-530x380.jpg 530w\" sizes=\"auto, (max-width: 592px) 100vw, 592px\" \/><\/a>\n          <figcaption class='wp-caption-text gallery-caption' id='gallery-1-14827'>\n          Perdita octomaculata, Gil Miranda.\n          <\/figcaption><\/figure><\/div><div class='gallery-item col-md-6'><figure><a href='https:\/\/blog.cwf-fcf.org\/wp-content\/uploads\/2024\/11\/New-England-Aster-gil-miranda.jpg'><img loading=\"lazy\" decoding=\"async\" width=\"1068\" height=\"727\" src=\"https:\/\/blog.cwf-fcf.org\/wp-content\/uploads\/2024\/11\/New-England-Aster-gil-miranda.jpg\" class=\"attachment-square size-square\" alt=\"\" aria-describedby=\"gallery-1-14826\" srcset=\"https:\/\/blog.cwf-fcf.org\/wp-content\/uploads\/2024\/11\/New-England-Aster-gil-miranda.jpg 1068w, https:\/\/blog.cwf-fcf.org\/wp-content\/uploads\/2024\/11\/New-England-Aster-gil-miranda-640x436.jpg 640w, https:\/\/blog.cwf-fcf.org\/wp-content\/uploads\/2024\/11\/New-England-Aster-gil-miranda-768x523.jpg 768w, https:\/\/blog.cwf-fcf.org\/wp-content\/uploads\/2024\/11\/New-England-Aster-gil-miranda-530x361.jpg 530w\" sizes=\"auto, (max-width: 1068px) 100vw, 1068px\" \/><\/a>\n          <figcaption class='wp-caption-text gallery-caption' id='gallery-1-14826'>\n          New England Aster (Symphyiotrichum\u00a0 novae-angliae) supports 33 species of specialist bees. Small carpenter bee. Gil Miranda.\n          <\/figcaption><\/figure><\/div><\/div><\/div>\n<p>Les sp\u00e9cialistes sont ces esp\u00e8ces qui ne se nourrissent que d&#8217;une seule esp\u00e8ce ou famille de plantes. Par exemple, l\u2019andr\u00e8ne \u00e0 huit taches est une sp\u00e9cialiste de la famille des asters (<em>Symphyiotrichum<\/em>).<\/p>\n<p><strong>5. Certaines fleurs fleuriront au d\u00e9but du projet de r\u00e9tablissement, tandis que d\u2019autres fleuriront plus tard<\/strong><\/p>\n<figure id=\"attachment_11276\" aria-describedby=\"caption-attachment-11276\" style=\"width: 1100px\" class=\"wp-caption alignnone\"><img loading=\"lazy\" decoding=\"async\" class=\"wp-image-11276 size-standard\" src=\"https:\/\/blog.cwf-fcf.org\/wp-content\/uploads\/2022\/06\/brown-eyed-susans-rudbeckia-505872185-1100x640.jpg\" alt=\"\" width=\"1100\" height=\"640\" \/><figcaption id=\"caption-attachment-11276\" class=\"wp-caption-text\">Un champ de rudbeckies trilob\u00e9es | \u00a9Getty<\/figcaption><\/figure>\n<p>La rudbeckie trilob\u00e9e <em>(Rudbeckia hirta<\/em>) est dominante durant la premi\u00e8re ann\u00e9e de ce projet de r\u00e9tablissement.<\/p>\n<h3><strong>6. En utilisant un m\u00e9lange de fleurs diversifi\u00e9es, vous obtiendrez une vari\u00e9t\u00e9 de structures florales. Certains pollinisateurs ne peuvent acc\u00e9der qu&#8217;\u00e0 certains types de fleurs.<\/strong><\/h3>\n<figure id=\"attachment_14828\" aria-describedby=\"caption-attachment-14828\" style=\"width: 369px\" class=\"wp-caption alignleft\"><img loading=\"lazy\" decoding=\"async\" class=\"wp-image-14828 size-full\" src=\"https:\/\/blog.cwf-fcf.org\/wp-content\/uploads\/2024\/11\/Wild-Columbine-sarah-coulber.png\" alt=\"\" width=\"369\" height=\"284\" \/><figcaption id=\"caption-attachment-14828\" class=\"wp-caption-text\">\u00a9 Sarah Coulber<\/figcaption><\/figure>\n<p>L&#8217;ancolie du Canada (<em>Monarda fistulosa)<\/em> poss\u00e8de de longues fleurs tubulaires qui ne sont accessibles qu&#8217;aux pollinisateurs \u00e0 longue langue comme les papillons, les papillons de nuit, les abeilles charpenti\u00e8res et les bourdons.<\/p>\n<p>J&#8217;esp\u00e8re avoir pr\u00e9sent\u00e9 des raisons convaincantes de cr\u00e9er des m\u00e9langes de graines tr\u00e8s diversifi\u00e9s pour les pollinisateurs. J&#8217;esp\u00e8re que vous en ferez votre objectif lorsque vous concevrez des m\u00e9langes pour vos prairies qui visent \u00e0 attirer les pollinisateurs. Les pollinisateurs vous remercieront.<\/p>\n<p><strong>\u00a0<\/strong><\/p>\n<h4><strong>Pour en savoir plus sur le travail de la F\u00e9d\u00e9ration canadienne de la faune en faveur des semences indig\u00e8nes et des <\/strong><a href=\"https:\/\/cwf-fcf.org\/fr\/explorer\/pollinisateurs\/\"><strong>pollinisateurs<\/strong><\/a><strong>, cliquez ici.<\/strong><\/h4>\n<p>&nbsp;<\/p>\n","protected":false},"excerpt":{"rendered":"<div class=\"post-excerpt\">Durant la cr\u00e9ation d&#8217;un m\u00e9lange de graines indig\u00e8nes pour des prairies qui attirent les pollinisateurs, nous vous conseillons d&#8217;inclure de nombreuses esp\u00e8ces (parfois m\u00eame jusqu&#8217;\u00e0 25). Mais pourquoi? L&#8217;achat d&#8217;un&hellip;<\/div>\n","protected":false},"author":137,"featured_media":11944,"comment_status":"open","ping_status":"open","sticky":false,"template":"","format":"standard","meta":{"_exactmetrics_skip_tracking":false,"_exactmetrics_sitenote_active":false,"_exactmetrics_sitenote_note":"","_exactmetrics_sitenote_category":0,"footnotes":""},"categories":[794],"tags":[8835],"class_list":["post-14844","post","type-post","status-publish","format-standard","has-post-thumbnail","hentry","category-contact-avec-la-nature","tag-plantes-indigenes"],"_links":{"self":[{"href":"https:\/\/blog.cwf-fcf.org\/index.php\/wp-json\/wp\/v2\/posts\/14844","targetHints":{"allow":["GET"]}}],"collection":[{"href":"https:\/\/blog.cwf-fcf.org\/index.php\/wp-json\/wp\/v2\/posts"}],"about":[{"href":"https:\/\/blog.cwf-fcf.org\/index.php\/wp-json\/wp\/v2\/types\/post"}],"author":[{"embeddable":true,"href":"https:\/\/blog.cwf-fcf.org\/index.php\/wp-json\/wp\/v2\/users\/137"}],"replies":[{"embeddable":true,"href":"https:\/\/blog.cwf-fcf.org\/index.php\/wp-json\/wp\/v2\/comments?post=14844"}],"version-history":[{"count":1,"href":"https:\/\/blog.cwf-fcf.org\/index.php\/wp-json\/wp\/v2\/posts\/14844\/revisions"}],"predecessor-version":[{"id":14845,"href":"https:\/\/blog.cwf-fcf.org\/index.php\/wp-json\/wp\/v2\/posts\/14844\/revisions\/14845"}],"wp:featuredmedia":[{"embeddable":true,"href":"https:\/\/blog.cwf-fcf.org\/index.php\/wp-json\/wp\/v2\/media\/11944"}],"wp:attachment":[{"href":"https:\/\/blog.cwf-fcf.org\/index.php\/wp-json\/wp\/v2\/media?parent=14844"}],"wp:term":[{"taxonomy":"category","embeddable":true,"href":"https:\/\/blog.cwf-fcf.org\/index.php\/wp-json\/wp\/v2\/categories?post=14844"},{"taxonomy":"post_tag","embeddable":true,"href":"https:\/\/blog.cwf-fcf.org\/index.php\/wp-json\/wp\/v2\/tags?post=14844"}],"curies":[{"name":"wp","href":"https:\/\/api.w.org\/{rel}","templated":true}]}}