{"id":14024,"date":"2024-06-07T00:34:59","date_gmt":"2024-06-07T00:34:59","guid":{"rendered":"https:\/\/blog.cwf-fcf.org\/?p=14024"},"modified":"2024-06-07T00:35:26","modified_gmt":"2024-06-07T00:35:26","slug":"comment-celebrez-vous-la-journee-des-oceans","status":"publish","type":"post","link":"https:\/\/blog.cwf-fcf.org\/index.php\/fr\/comment-celebrez-vous-la-journee-des-oceans\/","title":{"rendered":"Comment c\u00e9l\u00e9brez-vous la Journ\u00e9e des oc\u00e9ans?"},"content":{"rendered":"<h2>Le 8 juin, c&#8217;est la Journ\u00e9e des oc\u00e9ans, l&#8217;occasion de c\u00e9l\u00e9brer les oc\u00e9ans du Canada et la vie qui y grouille.<\/h2>\n<p>D\u00e9cr\u00e9t\u00e9e lors du Sommet de la Terre des Nations Unies \u00e0 Rio de Janeiro en 1992, la Journ\u00e9e mondiale des oc\u00e9ans a lieu le 8 juin annuellement et vise \u00e0 nous sensibiliser \u00e0 l&#8217;importance des oc\u00e9ans de la plan\u00e8te et au besoin d&#8217;en prendre davantage soin collectivement.<\/p>\n<p>Mais pendant que nous c\u00e9l\u00e9brons, n&#8217;oublions pas les menaces qui p\u00e8sent sur nos esp\u00e8ces marines. Au cours de la <a href=\"https:\/\/cwf-fcf.org\/fr\/explorer\/des-rivieres-aux-oceans\/?utm_medium=referral&amp;utm_source=blog&amp;utm_campaign=row&amp;utm_content=24200\">Semaine des rivi\u00e8res et des oc\u00e9ans<\/a> (du 8 au 14 juin), nous mettons en lumi\u00e8re sept menaces qui guettent nos cours d&#8217;eau. Mais parlons d\u2019abord des menaces qui p\u00e8sent sur nos oc\u00e9ans et les esp\u00e8ces qui y vivent.<\/p>\n<h3>N<sup>o<\/sup> 1 \u2013 Collisions avec des navires<\/h3>\n<p><img loading=\"lazy\" decoding=\"async\" class=\"size-standard wp-image-13915\" src=\"https:\/\/blog.cwf-fcf.org\/wp-content\/uploads\/2024\/04\/whale-tail-shipping-alamy-1100x634.jpg\" alt=\"\" width=\"1100\" height=\"634\" \/><a href=\"https:\/\/cwf-fcf.org\/fr\/explorer\/des-rivieres-aux-oceans\/vessels.html?utm_medium=referral&amp;utm_source=blog&amp;utm_campaign=row&amp;utm_content=24200\">Les collisions avec des navires<\/a> peuvent avoir des effets n\u00e9gatifs sur toutes sortes de baleines, dont beaucoup effectuent chaque ann\u00e9e d&#8217;incroyables migrations entre les aires de mise bas et les aires d&#8217;alimentation. Lorsque ces routes migratoires croisent les voies de navigation, le risque de collision entre les baleines et les navires est plus \u00e9lev\u00e9, ce qui peut entra\u00eener des blessures ou la mort chez ces c\u00e9tac\u00e9s.<\/p>\n<h3>N<sup>o<\/sup> 2 \u2013 Maladies<\/h3>\n<p><img loading=\"lazy\" decoding=\"async\" class=\"size-standard wp-image-6908\" src=\"https:\/\/blog.cwf-fcf.org\/wp-content\/uploads\/2019\/12\/aquaculture-nova-scotia-GettyImages-1085649900-1100x640.jpg\" alt=\"aquaculture pens\" width=\"1100\" height=\"640\" \/>Avez-vous d\u00e9j\u00e0 entendu parler de l&#8217;aquaculture \u00e0 circuit ouvert? \u00a0C\u2019est important de conna\u00eetre cette pratique, d&#8217;autant plus qu\u2019elle est utilis\u00e9e pour \u00e9lever de nombreuses esp\u00e8ces de poissons, de crustac\u00e9s et d&#8217;algues \u00e0 des fins de consommation. Mais quelle est l\u2019esp\u00e8ce la plus couramment cultiv\u00e9e? Le saumon de l&#8217;Atlantique.<\/p>\n<p>Lorsqu&#8217;il est \u00e9lev\u00e9 dans des cages ou des parcs en filet ouverts \u00e0 l&#8217;environnement naturel, de nombreux probl\u00e8mes peuvent survenir, notamment la propagation de <a href=\"https:\/\/cwf-fcf.org\/fr\/explorer\/des-rivieres-aux-oceans\/disease.html?utm_medium=referral&amp;utm_source=blog&amp;utm_campaign=row&amp;utm_content=24200\">maladies<\/a> et de parasites. D\u00e9gueulasse, non?<\/p>\n<h3>N<sup>o<\/sup> 3 \u2013 Engins de p\u00eache commerciaux<\/h3>\n<p><img loading=\"lazy\" decoding=\"async\" class=\"size-standard wp-image-4389\" src=\"https:\/\/blog.cwf-fcf.org\/wp-content\/uploads\/2018\/02\/entanglement-1100x640.jpg\" alt=\"\" width=\"1100\" height=\"640\" \/>L&#8217;<a href=\"https:\/\/cwf-fcf.org\/fr\/explorer\/des-rivieres-aux-oceans\/fishing-gear.html?utm_medium=referral&amp;utm_source=blog&amp;utm_campaign=row&amp;utm_content=24200\">enchev\u00eatrement<\/a> est l&#8217;une des plus grandes menaces que pr\u00e9sentent les engins de p\u00eache pour les animaux aquatiques. Les otaries, les tortues de mer, les phoques, les baleines et les oiseaux de mer peuvent tous se prendre accidentellement dans des engins de p\u00eache, ce qui peut causer des lac\u00e9rations et des infections et m\u00eame la mort par noyade, blessure, maladie ou inanition.<\/p>\n<p>Saviez-vous qu&#8217;environ 25\u00a0% de la population restante de baleines noires de l&#8217;Atlantique Nord s&#8217;emp\u00eatrent chaque ann\u00e9e dans des engins de p\u00eache? Si certaines s&#8217;en sortent avec de l\u00e9g\u00e8res cicatrices, d&#8217;autres meurent d&#8217;une mort atroce.<\/p>\n<p>La F\u00e9d\u00e9ration canadienne de la faune travaille d&#8217;arrache-pied pour \u00e9liminer les menaces qui p\u00e8sent sur nos oc\u00e9ans et sur les cr\u00e9atures, petites et grandes, qui y vivent.<\/p>\n<p>Les baleines, les otaries et les tortues de mer du Canada ne peuvent pas parler pour elles-m\u00eames; c&#8217;est donc \u00e0 nous de le faire. Ce printemps, le Comit\u00e9 permanent des p\u00eaches et des oc\u00e9ans se r\u00e9unira pour examiner l&#8217;efficacit\u00e9 de la <em>Loi sur les p\u00eaches<\/em>. \u00c0 la F\u00e9d\u00e9ration canadienne de la faune, nous sommes d\u2019avis que la <em>Loi sur les p\u00eaches<\/em> doit prot\u00e9ger l&#8217;eau et la faune plus efficacement.<\/p>\n<p>Les esp\u00e8ces sauvages du Canada ne peuvent pas parler pour elles-m\u00eames; c&#8217;est donc \u00e0 nous de le faire. Nous vous demandons d&#8217;ajouter votre voix \u00e0 la n\u00f4tre aujourd&#8217;hui. Faites savoir au Comit\u00e9 permanent des p\u00eaches et des oc\u00e9ans que nos cours d&#8217;eau et nos esp\u00e8ces sauvages vous tiennent \u00e0 c\u0153ur.<\/p>\n<h4><a href=\"https:\/\/cwf-fcf.org\/fr\/explorer\/des-rivieres-aux-oceans\/?utm_medium=referral&amp;utm_source=blog&amp;utm_campaign=row&amp;utm_content=24200\">Ajoutez votre voix aujourd&#8217;hui &gt;<\/a><\/h4>\n","protected":false},"excerpt":{"rendered":"<div class=\"post-excerpt\">Le 8 juin, c&#8217;est la Journ\u00e9e des oc\u00e9ans, l&#8217;occasion de c\u00e9l\u00e9brer les oc\u00e9ans du Canada et la vie qui y grouille. D\u00e9cr\u00e9t\u00e9e lors du Sommet de la Terre des Nations&hellip;<\/div>\n","protected":false},"author":60,"featured_media":14021,"comment_status":"open","ping_status":"open","sticky":false,"template":"","format":"standard","meta":{"_exactmetrics_skip_tracking":false,"_exactmetrics_sitenote_active":false,"_exactmetrics_sitenote_note":"","_exactmetrics_sitenote_category":0,"footnotes":""},"categories":[802,806,794],"tags":[3023],"class_list":["post-14024","post","type-post","status-publish","format-standard","has-post-thumbnail","hentry","category-cotes-oceans","category-lacs-cours-deau","category-contact-avec-la-nature","tag-des-rivieres-aux-oceans"],"_links":{"self":[{"href":"https:\/\/blog.cwf-fcf.org\/index.php\/wp-json\/wp\/v2\/posts\/14024","targetHints":{"allow":["GET"]}}],"collection":[{"href":"https:\/\/blog.cwf-fcf.org\/index.php\/wp-json\/wp\/v2\/posts"}],"about":[{"href":"https:\/\/blog.cwf-fcf.org\/index.php\/wp-json\/wp\/v2\/types\/post"}],"author":[{"embeddable":true,"href":"https:\/\/blog.cwf-fcf.org\/index.php\/wp-json\/wp\/v2\/users\/60"}],"replies":[{"embeddable":true,"href":"https:\/\/blog.cwf-fcf.org\/index.php\/wp-json\/wp\/v2\/comments?post=14024"}],"version-history":[{"count":1,"href":"https:\/\/blog.cwf-fcf.org\/index.php\/wp-json\/wp\/v2\/posts\/14024\/revisions"}],"predecessor-version":[{"id":14025,"href":"https:\/\/blog.cwf-fcf.org\/index.php\/wp-json\/wp\/v2\/posts\/14024\/revisions\/14025"}],"wp:featuredmedia":[{"embeddable":true,"href":"https:\/\/blog.cwf-fcf.org\/index.php\/wp-json\/wp\/v2\/media\/14021"}],"wp:attachment":[{"href":"https:\/\/blog.cwf-fcf.org\/index.php\/wp-json\/wp\/v2\/media?parent=14024"}],"wp:term":[{"taxonomy":"category","embeddable":true,"href":"https:\/\/blog.cwf-fcf.org\/index.php\/wp-json\/wp\/v2\/categories?post=14024"},{"taxonomy":"post_tag","embeddable":true,"href":"https:\/\/blog.cwf-fcf.org\/index.php\/wp-json\/wp\/v2\/tags?post=14024"}],"curies":[{"name":"wp","href":"https:\/\/api.w.org\/{rel}","templated":true}]}}