{"id":13674,"date":"2024-02-15T22:08:31","date_gmt":"2024-02-15T22:08:31","guid":{"rendered":"https:\/\/blog.cwf-fcf.org\/?p=13674"},"modified":"2024-02-15T22:08:50","modified_gmt":"2024-02-15T22:08:50","slug":"des-effectifs-en-chute-libre-pourquoi-un-engagement-trinational-est-essentiel-au-retablissement-des-papillons-monarques","status":"publish","type":"post","link":"https:\/\/blog.cwf-fcf.org\/index.php\/fr\/des-effectifs-en-chute-libre-pourquoi-un-engagement-trinational-est-essentiel-au-retablissement-des-papillons-monarques\/","title":{"rendered":"Des effectifs en chute libre : Pourquoi un engagement trinational est essentiel au r\u00e9tablissement des papillons monarques"},"content":{"rendered":"<p><em>Voici la premi\u00e8re\u00a0partie d\u2019une s\u00e9rie en trois\u00a0volets consacr\u00e9e au r\u00e9tablissement des papillons monarques r\u00e9dig\u00e9e par Carolyn\u00a0Callaghan, biologiste de la conservation principale de la faune terrestre \u00e0 la F\u00e9d\u00e9ration canadienne de la faune.<\/em><\/p>\n<h2><strong>\u00c0 l\u2019heure o\u00f9 j\u2019\u00e9cris cet article de blogue, je suis en train de survoler le trajet migratoire des papillons monarques de l\u2019Est.<\/strong><\/h2>\n<p>Par millions, ces papillons embl\u00e9matiques effectuent au mois de mars ce long voyage qui les m\u00e8ne du Mexique au sud des \u00c9tats-Unis, o\u00f9 ils pondent alors leurs \u0153ufs sur les ascl\u00e9piades pour donner naissance \u00e0 une nouvelle g\u00e9n\u00e9ration.<\/p>\n<p>Contrairement aux papillons monarques, les choses sont faciles pour moi.<\/p>\n<p>Je suis en ce moment \u00e0 bord d\u2019un Airbus\u00a0A320 d\u2019une envergure de 37,6\u00a0m\u00e8tres, pour parcourir les 4291\u00a0kilom\u00e8tres qui me s\u00e9parent de chez moi. Je ne p\u00e8se pas un demi-gramme et je n\u2019ai pas non plus une envergure de 10\u00a0centim\u00e8tres. Je ne dois pas battre des ailes continuellement pour me diriger vers le nord, \u00e0 travers les montagnes, les plaines, les routes achaland\u00e9es et les champs agricoles. Je n\u2019ai pas \u00e0 subir une m\u00e9t\u00e9o extr\u00eame, des temp\u00e9ratures trop chaudes ou froides, un temps trop pluvieux ou venteux. Les papillons monarques qui migrent vers le nord sont soumis \u00e0 tout cela apr\u00e8s avoir d\u00e9j\u00e0 effectu\u00e9 l\u2019automne pr\u00e9c\u00e9dent une migration qui peut totaliser 4500\u00a0kilom\u00e8tres depuis le sud du Canada, le nord ou le centre-ouest des \u00c9tats-Unis. Cette m\u00eame g\u00e9n\u00e9ration migre \u00e0 l\u2019automne depuis son aire de reproduction du nord jusqu\u2019\u00e0 son aire d\u2019hivernage des hautes terres des sapins oyamel qui se trouve au sud de la Ville de Mexico, puis de nouveau en direction du nord \u00e0 la fin de l\u2019hiver, jusqu\u2019au sud des \u00c9tats-Unis. Les petits-enfants et arri\u00e8re-petits-enfants de cette super g\u00e9n\u00e9ration poursuivront ensuite cette migration vers le nord pour finalement arriver au Canada au mois de mai.<\/p>\n<p>Voici pourquoi je suis actuellement dans un avion, l\u2019esprit occup\u00e9 par les papillons monarques\u00a0: Je reviens d\u2019une impressionnante \u00ab\u00a0rencontre de r\u00e9flexion\u00a0\u00bb de trois\u00a0jours dont l\u2019objet \u00e9tait le r\u00e9tablissement de leurs populations. Le gouvernement du Mexique a organis\u00e9 une r\u00e9union conjointe de scientifiques issus du Mexique, du Canada et des \u00c9tats-Unis pour discuter des menaces qui p\u00e8sent sur les papillons monarques, passer en revue les donn\u00e9es scientifiques disponibles au sujet de cette esp\u00e8ce et de son parcours migratoire ph\u00e9nom\u00e9nal, et d\u00e9finir les prochaines \u00e9tapes \u00e0 suivre pour enrayer le d\u00e9clin massif des effectifs observ\u00e9 depuis des d\u00e9cennies.<\/p>\n<h3><strong>Une esp\u00e8ce internationale qui n\u00e9cessite une solution \u00e0 l\u2019\u00e9chelle internationale<\/strong><\/h3>\n<figure id=\"attachment_5924\" aria-describedby=\"caption-attachment-5924\" style=\"width: 1100px\" class=\"wp-caption alignnone\"><img loading=\"lazy\" decoding=\"async\" class=\"wp-image-5924 size-standard\" src=\"https:\/\/blog.cwf-fcf.org\/wp-content\/uploads\/2019\/02\/Monarch-meadow-Mexico-Donna-Cook-1100x640.jpg\" alt=\"\u00a9 Donna Cook\" width=\"1100\" height=\"640\" \/><figcaption id=\"caption-attachment-5924\" class=\"wp-caption-text\">\u00a9 Donna Cook<\/figcaption><\/figure>\n<p>Ce n\u2019est pas la premi\u00e8re fois que ce comit\u00e9 scientifique se rencontre. Depuis 2015, ses membres cernent les lacunes en mati\u00e8re de connaissances, tirent parti de la science pour combler celles-ci, partagent des donn\u00e9es, collaborent sur des projets et s\u2019encouragent mutuellement \u00e0 renforcer les efforts de conservation des papillons monarques. Un accord trinational visant \u00e0 travailler ensemble \u00e0 la conservation de cette esp\u00e8ce en voie de disparition, promulgu\u00e9 en 2014 par les pr\u00e9sidents du Mexique et des \u00c9tats-Unis, ainsi que par le premier ministre du Canada, a donn\u00e9 naissance au comit\u00e9 scientifique trinational. Les donn\u00e9es collect\u00e9es par les membres de ce comit\u00e9 et d\u2019autres scientifiques qui ont lanc\u00e9 l\u2019appel \u00e0 l\u2019action, de m\u00eame que les mod\u00e8les qu\u2019ils ont \u00e9tablis, ont abouti \u00e0 l\u2019accord trinational. Cet engagement trinational est tangible et d\u2019importants progr\u00e8s ont \u00e9t\u00e9 r\u00e9alis\u00e9s dans la g\u00e9n\u00e9ration de connaissances et la prise de mesures de conservation visant \u00e0 enrayer le d\u00e9clin fulgurant des effectifs des monarques. Mais tous les scientifiques et gestionnaires des terres pr\u00e9sents lors de cette r\u00e9union ont cependant convenu qu\u2019il reste beaucoup \u00e0 faire pour rem\u00e9dier \u00e0 la situation.<\/p>\n<h3><strong>Nouveau statut \u00e0 l\u2019\u00e9chelle f\u00e9d\u00e9rale canadienne\u00a0: <em>En voie de disparition<\/em><\/strong><\/h3>\n<p><img decoding=\"async\" src=\"https:\/\/blog.cwf-fcf.org\/wp-content\/uploads\/2019\/09\/monarch-road-GettyImages-92115208-1100x640.jpg\" \/>Les principales menaces qui p\u00e8sent sur la population de l\u2019Est des papillons monarques sont la perte des habitats, l\u2019utilisation de pesticides \u00e0 grande \u00e9chelle et le changement climatique.<\/p>\n<p>Le d\u00e9clin des populations est la raison pour laquelle <a href=\"https:\/\/blog.cwf-fcf.org\/index.php\/fr\/nouvelle-situation-pour-le-papillon-monarque-au-canada-et-mesures-a-prendre-pour-conserver-lespece\/\">le gouvernement canadien a r\u00e9pertori\u00e9, en d\u00e9cembre\u00a02023, les papillons monarques comment \u00e9tant <em>en voie de disparition<\/em>.<\/a>. L\u2019\u00e9quipe charg\u00e9e du r\u00e9tablissement des papillons monarques d\u2019Environnement et Changement climatique Canada travaille d\u00e9j\u00e0 \u00e0 l\u2019\u00e9laboration d\u2019un programme, attendu en d\u00e9cembre\u00a02024. Ce programme jouera le r\u00f4le de plan directeur visant \u00e0 enrayer le d\u00e9clin des papillons monarques et il sera suivi d\u2019un plan d\u2019action qui guidera les mesures \u00e0 prendre et \u00e9tablira des \u00e9ch\u00e9anciers de r\u00e9sultats en mati\u00e8re de conservation. Il s\u2019agit d\u2019un engagement important de la part du gouvernement du Canada, et ce programme de r\u00e9tablissement permettra de guider l\u2019ensemble de la soci\u00e9t\u00e9 \u00e0 contribuer \u00e0 ces efforts. Car il faudra en effet beaucoup d\u2019efforts pour r\u00e9ussir \u00e0 r\u00e9tablir les papillons monarques.<\/p>\n<p>Les principales menaces qui p\u00e8sent sur la population de l\u2019Est des papillons monarques sont la perte des habitats, l\u2019utilisation de pesticides \u00e0 grande \u00e9chelle et le changement climatique. Ces trois\u00a0menaces entra\u00eenent une diminution des effectifs des papillons monarques. Si ceux-ci fluctuent d\u2019ann\u00e9e en ann\u00e9e, la population hivernante peine en effet \u00e0 occuper la superficie cible \u00e9tablie de six\u00a0hectares et \u00e0 s\u2019y maintenir. \u00c9tant donn\u00e9 qu\u2019il est impossible de comptabiliser le nombre exact de papillons monarques qui se posent sur les sapins oyamel, des \u00e9quipes d\u2019\u00e9cologues d\u00e9vou\u00e9s \u00e9valuent les effectifs en mesurant la superficie occup\u00e9e par la population hivernante. Les rassemblements des papillons ont lieu sur les sapins de plusieurs r\u00e9serves. La superficie totale occup\u00e9e par ceux-ci est rapport\u00e9e chaque ann\u00e9e \u00e0 la m\u00eame \u00e9poque et ces r\u00e9sultats sont attendus avec impatience. Le comit\u00e9 scientifique trinational a en effet d\u00e9termin\u00e9, en mod\u00e9lisant les conditions susceptibles de mener \u00e0 l\u2019extinction des papillons monarques de l\u2019Est, que la population hivernante doit pouvoir occuper une superficie de six\u00a0hectares pour garantir sa survie.<\/p>\n<blockquote><p>Des effectifs en chute libre : la superficie de l\u2019aire d\u2019hivernage des papillons monarques a diminu\u00e9 en 2023-2024 de 59 % par rapport \u00e0 l\u2019ann\u00e9e derni\u00e8re.<\/p><\/blockquote>\n<p>C\u2019est avec une pointe de d\u00e9sespoir que nous avons appris le 8\u00a0f\u00e9vrier\u00a02024 que la superficie de l\u2019aire d\u2019hivernage\u00a02023-2024 n\u2019occupait que 0,9\u00a0hectare. Il s\u2019agit de la superficie la deuxi\u00e8me plus r\u00e9duite rapport\u00e9e depuis le premier d\u00e9nombrement annuel \u00e9tabli en 1993-1994. qui repr\u00e9sente une diminution de plus de 59\u00a0% par rapport \u00e0 la superficie de l\u2019aire d\u2019hivernage de l\u2019ann\u00e9e derni\u00e8re.<\/p>\n<p>Faut-il pour autant abandonner les papillons monarques? Leur tourner le dos et reconna\u00eetre notre \u00e9chec? Absolument pas! Gr\u00e2ce aux mesures prises par les gouvernements dans le cadre de cet engagement trinational et \u00e0 la contribution de la soci\u00e9t\u00e9 civile, le comit\u00e9 scientifique est convaincu que le r\u00e9tablissement des papillons monarques demeure \u00e0 notre port\u00e9e. Il sera toutefois n\u00e9cessaire de faire front ensemble, et vous pouvez aussi apporter votre contribution.<\/p>\n<h4><strong>Voyez comment vous pouvez aider les <\/strong><a href=\"https:\/\/cwf-fcf.org\/fr\/explorer\/monarques\/\"><strong>papillons monarques &gt;<\/strong><\/a><\/h4>\n","protected":false},"excerpt":{"rendered":"<div class=\"post-excerpt\">Voici la premi\u00e8re\u00a0partie d\u2019une s\u00e9rie en trois\u00a0volets consacr\u00e9e au r\u00e9tablissement des papillons monarques r\u00e9dig\u00e9e par Carolyn\u00a0Callaghan, biologiste de la conservation principale de la faune terrestre \u00e0 la F\u00e9d\u00e9ration canadienne de&hellip;<\/div>\n","protected":false},"author":16,"featured_media":9260,"comment_status":"open","ping_status":"open","sticky":false,"template":"","format":"standard","meta":{"_exactmetrics_skip_tracking":false,"_exactmetrics_sitenote_active":false,"_exactmetrics_sitenote_note":"","_exactmetrics_sitenote_category":0,"footnotes":""},"categories":[804,792],"tags":[9722,9220],"class_list":["post-13674","post","type-post","status-publish","format-standard","has-post-thumbnail","hentry","category-champs-forets","category-especes-en-peril","tag-aidons-les-pollinisateurs","tag-le-monarque"],"_links":{"self":[{"href":"https:\/\/blog.cwf-fcf.org\/index.php\/wp-json\/wp\/v2\/posts\/13674","targetHints":{"allow":["GET"]}}],"collection":[{"href":"https:\/\/blog.cwf-fcf.org\/index.php\/wp-json\/wp\/v2\/posts"}],"about":[{"href":"https:\/\/blog.cwf-fcf.org\/index.php\/wp-json\/wp\/v2\/types\/post"}],"author":[{"embeddable":true,"href":"https:\/\/blog.cwf-fcf.org\/index.php\/wp-json\/wp\/v2\/users\/16"}],"replies":[{"embeddable":true,"href":"https:\/\/blog.cwf-fcf.org\/index.php\/wp-json\/wp\/v2\/comments?post=13674"}],"version-history":[{"count":1,"href":"https:\/\/blog.cwf-fcf.org\/index.php\/wp-json\/wp\/v2\/posts\/13674\/revisions"}],"predecessor-version":[{"id":13675,"href":"https:\/\/blog.cwf-fcf.org\/index.php\/wp-json\/wp\/v2\/posts\/13674\/revisions\/13675"}],"wp:featuredmedia":[{"embeddable":true,"href":"https:\/\/blog.cwf-fcf.org\/index.php\/wp-json\/wp\/v2\/media\/9260"}],"wp:attachment":[{"href":"https:\/\/blog.cwf-fcf.org\/index.php\/wp-json\/wp\/v2\/media?parent=13674"}],"wp:term":[{"taxonomy":"category","embeddable":true,"href":"https:\/\/blog.cwf-fcf.org\/index.php\/wp-json\/wp\/v2\/categories?post=13674"},{"taxonomy":"post_tag","embeddable":true,"href":"https:\/\/blog.cwf-fcf.org\/index.php\/wp-json\/wp\/v2\/tags?post=13674"}],"curies":[{"name":"wp","href":"https:\/\/api.w.org\/{rel}","templated":true}]}}