{"id":13575,"date":"2024-01-26T14:49:47","date_gmt":"2024-01-26T14:49:47","guid":{"rendered":"https:\/\/blog.cwf-fcf.org\/?p=13575"},"modified":"2024-02-06T15:51:05","modified_gmt":"2024-02-06T15:51:05","slug":"les-plus-belles-photos-du-concours-de-photographie-reflets-de-la-nature-2023","status":"publish","type":"post","link":"https:\/\/blog.cwf-fcf.org\/index.php\/fr\/les-plus-belles-photos-du-concours-de-photographie-reflets-de-la-nature-2023\/","title":{"rendered":"Les plus belles photos du concours de photographie Reflets de la nature 2023"},"content":{"rendered":"<h2>Venez admirer les photos gagnantes du concours de photographie Reflets de la nature 2023!<\/h2>\n<p>On dit qu\u2019une photo vaut mille mots, mais vous manqueront-ils quand vous verrez les photos du concours de photographie Reflets de la nature 2023?<\/p>\n<p>Merci \u00e0 tous ceux et celles qui ont particip\u00e9 au concours de 2023; nous avons re\u00e7u plus de 6500 photos! \u00c7a n\u2019a pas \u00e9t\u00e9 facile de n\u2019en choisir que quelques-unes! Donc sans plus tarder\u2026<\/p>\n<div class=\"gallery gallery-grid\"><div class=\"row\"><div class='gallery-item col-md-6'><figure><a href='https:\/\/blog.cwf-fcf.org\/wp-content\/uploads\/2024\/01\/GRAND-PRIZE-WINNER_Cindy-Conlin_Focus-on-Fauna-egret-ON-2023-1-scaled.jpg'><img loading=\"lazy\" decoding=\"async\" width=\"1100\" height=\"640\" src=\"https:\/\/blog.cwf-fcf.org\/wp-content\/uploads\/2024\/01\/GRAND-PRIZE-WINNER_Cindy-Conlin_Focus-on-Fauna-egret-ON-2023-1-1100x640.jpg\" class=\"attachment-standard size-standard\" alt=\"\" aria-describedby=\"gallery-1-13577\" \/><\/a>\n          <figcaption class='wp-caption-text gallery-caption' id='gallery-1-13577'>\n          Grand prix | gagnante \u00a9 Cindy Conlin\n          <\/figcaption><\/figure><\/div><div class='gallery-item col-md-6'><figure><a href='https:\/\/blog.cwf-fcf.org\/wp-content\/uploads\/2024\/01\/GRAND-PRIZE-RUNNER-UP_Todd-Clustivik_Focus-on-Fauna-dragonfly-ON-2023-1.jpg'><img loading=\"lazy\" decoding=\"async\" width=\"1100\" height=\"640\" src=\"https:\/\/blog.cwf-fcf.org\/wp-content\/uploads\/2024\/01\/GRAND-PRIZE-RUNNER-UP_Todd-Clustivik_Focus-on-Fauna-dragonfly-ON-2023-1-1100x640.jpg\" class=\"attachment-standard size-standard\" alt=\"\" aria-describedby=\"gallery-1-13576\" \/><\/a>\n          <figcaption class='wp-caption-text gallery-caption' id='gallery-1-13576'>\n          Grand prix | Finaliste \u00a9 Todd Clustivik\n          <\/figcaption><\/figure><\/div><\/div><div class=\"row\"><div class='gallery-item col-md-6'><figure><a href='https:\/\/blog.cwf-fcf.org\/wp-content\/uploads\/2024\/01\/WINNER_Sonny-Parker__Fauna-dahl-sheep-YK-2023-1.jpg'><img loading=\"lazy\" decoding=\"async\" width=\"1100\" height=\"640\" src=\"https:\/\/blog.cwf-fcf.org\/wp-content\/uploads\/2024\/01\/WINNER_Sonny-Parker__Fauna-dahl-sheep-YK-2023-1-1100x640.jpg\" class=\"attachment-standard size-standard\" alt=\"\" aria-describedby=\"gallery-1-13600\" \/><\/a>\n          <figcaption class='wp-caption-text gallery-caption' id='gallery-1-13600'>\n          Focalisation sur la faune  | Photo gagnante  \u00a9 Sonny Parker\n          <\/figcaption><\/figure><\/div><div class='gallery-item col-md-6'><figure><a href='https:\/\/blog.cwf-fcf.org\/wp-content\/uploads\/2024\/01\/RUNNER-UP_Robert-Postma_Fauna-Kermode-bear-BC-2023-1-scaled.jpg'><img loading=\"lazy\" decoding=\"async\" width=\"1100\" height=\"640\" src=\"https:\/\/blog.cwf-fcf.org\/wp-content\/uploads\/2024\/01\/RUNNER-UP_Robert-Postma_Fauna-Kermode-bear-BC-2023-1-1100x640.jpg\" class=\"attachment-standard size-standard\" alt=\"\" aria-describedby=\"gallery-1-13596\" \/><\/a>\n          <figcaption class='wp-caption-text gallery-caption' id='gallery-1-13596'>\n          Focalisation sur la faune | Finaliste \u00a9 Robert Postma \n          <\/figcaption><\/figure><\/div><\/div><div class=\"row\"><div class='gallery-item col-md-6'><figure><a href='https:\/\/blog.cwf-fcf.org\/wp-content\/uploads\/2024\/01\/HONOURARY-Evan-Van-Zeumeren_Fauna-millipede-ON-2023-1.jpg'><img loading=\"lazy\" decoding=\"async\" width=\"1100\" height=\"640\" src=\"https:\/\/blog.cwf-fcf.org\/wp-content\/uploads\/2024\/01\/HONOURARY-Evan-Van-Zeumeren_Fauna-millipede-ON-2023-1-1100x640.jpg\" class=\"attachment-standard size-standard\" alt=\"\" aria-describedby=\"gallery-1-13581\" \/><\/a>\n          <figcaption class='wp-caption-text gallery-caption' id='gallery-1-13581'>\n          Focalisation sur la faune | Mention honorable  \u00a9 Evan Van Zeumeren\n          <\/figcaption><\/figure><\/div><div class='gallery-item col-md-6'><figure><a href='https:\/\/blog.cwf-fcf.org\/wp-content\/uploads\/2024\/01\/HONOURARY-Geoff-McDonell_Fauna-anna-humminbird-BC-2023-1.jpg'><img loading=\"lazy\" decoding=\"async\" width=\"1100\" height=\"640\" src=\"https:\/\/blog.cwf-fcf.org\/wp-content\/uploads\/2024\/01\/HONOURARY-Geoff-McDonell_Fauna-anna-humminbird-BC-2023-1-1100x640.jpg\" class=\"attachment-standard size-standard\" alt=\"\" aria-describedby=\"gallery-1-13582\" \/><\/a>\n          <figcaption class='wp-caption-text gallery-caption' id='gallery-1-13582'>\n          Focalisation sur la faune | Mention honorable \u00a9 Geoff McDonell \n          <\/figcaption><\/figure><\/div><\/div><div class=\"row\"><div class='gallery-item col-md-6'><figure><a href='https:\/\/blog.cwf-fcf.org\/wp-content\/uploads\/2024\/01\/WINNER_Gerhard-Kaiser_Canadian-Landscapes-wave-lake-erie-ON-2023-1.jpg'><img loading=\"lazy\" decoding=\"async\" width=\"1100\" height=\"640\" src=\"https:\/\/blog.cwf-fcf.org\/wp-content\/uploads\/2024\/01\/WINNER_Gerhard-Kaiser_Canadian-Landscapes-wave-lake-erie-ON-2023-1-1100x640.jpg\" class=\"attachment-standard size-standard\" alt=\"\" aria-describedby=\"gallery-1-13598\" \/><\/a>\n          <figcaption class='wp-caption-text gallery-caption' id='gallery-1-13598'>\n          Les paysages canadiens  | Photo gagnante \u00a9 Gerhard Kaiser\n          <\/figcaption><\/figure><\/div><div class='gallery-item col-md-6'><figure><a href='https:\/\/blog.cwf-fcf.org\/wp-content\/uploads\/2024\/01\/RUNNER-UP_Peter-Lindsay__Canadian-Landscapes-MA-2023-1.jpg'><img loading=\"lazy\" decoding=\"async\" width=\"1100\" height=\"640\" src=\"https:\/\/blog.cwf-fcf.org\/wp-content\/uploads\/2024\/01\/RUNNER-UP_Peter-Lindsay__Canadian-Landscapes-MA-2023-1-1100x640.jpg\" class=\"attachment-standard size-standard\" alt=\"\" aria-describedby=\"gallery-1-13595\" \/><\/a>\n          <figcaption class='wp-caption-text gallery-caption' id='gallery-1-13595'>\n          Les paysages canadiens  | Finaliste \u00a9 Peter Lindsay\n          <\/figcaption><\/figure><\/div><\/div><div class=\"row\"><div class='gallery-item col-md-6'><figure><a href='https:\/\/blog.cwf-fcf.org\/wp-content\/uploads\/2024\/01\/HONOURARY-MENTION_Jonathan-Franchomme_Canadian-Landscapes-QC-2023-1.jpg'><img loading=\"lazy\" decoding=\"async\" width=\"1100\" height=\"640\" src=\"https:\/\/blog.cwf-fcf.org\/wp-content\/uploads\/2024\/01\/HONOURARY-MENTION_Jonathan-Franchomme_Canadian-Landscapes-QC-2023-1-1100x640.jpg\" class=\"attachment-standard size-standard\" alt=\"\" aria-describedby=\"gallery-1-13589\" \/><\/a>\n          <figcaption class='wp-caption-text gallery-caption' id='gallery-1-13589'>\n          Les paysages canadiens  | Mention honorable \u00a9 Jonathan Franchomme\n          <\/figcaption><\/figure><\/div><div class='gallery-item col-md-6'><figure><a href='https:\/\/blog.cwf-fcf.org\/wp-content\/uploads\/2024\/01\/HONOURARY-MENTION_Denise-Hoffgaard_Canadian-Landscapes-BC-2023-1.jpg'><img loading=\"lazy\" decoding=\"async\" width=\"1100\" height=\"640\" src=\"https:\/\/blog.cwf-fcf.org\/wp-content\/uploads\/2024\/01\/HONOURARY-MENTION_Denise-Hoffgaard_Canadian-Landscapes-BC-2023-1-1100x640.jpg\" class=\"attachment-standard size-standard\" alt=\"\" aria-describedby=\"gallery-1-13585\" \/><\/a>\n          <figcaption class='wp-caption-text gallery-caption' id='gallery-1-13585'>\n          Les paysages canadiens  | Mention honorable \u00a9 Denise Hoffgaard\n          <\/figcaption><\/figure><\/div><\/div><div class=\"row\"><div class='gallery-item col-md-6'><figure><a href='https:\/\/blog.cwf-fcf.org\/wp-content\/uploads\/2024\/01\/WINNER_Brittany-Crossman_Flora-bloodroot-NB-2023-1-scaled.jpg'><img loading=\"lazy\" decoding=\"async\" width=\"1100\" height=\"640\" src=\"https:\/\/blog.cwf-fcf.org\/wp-content\/uploads\/2024\/01\/WINNER_Brittany-Crossman_Flora-bloodroot-NB-2023-1-1100x640.jpg\" class=\"attachment-standard size-standard\" alt=\"\" aria-describedby=\"gallery-1-13597\" \/><\/a>\n          <figcaption class='wp-caption-text gallery-caption' id='gallery-1-13597'>\n          \u00c0 la d\u00e9couverte de la flore | Photo gagnante \u00a9 Brittany Crossman\n          <\/figcaption><\/figure><\/div><div class='gallery-item col-md-6'><figure><a href='https:\/\/blog.cwf-fcf.org\/wp-content\/uploads\/2024\/01\/Runner-Up_Flora_Warren-Lowe-fireweed-BC-2023-1.jpg'><img loading=\"lazy\" decoding=\"async\" width=\"1100\" height=\"640\" src=\"https:\/\/blog.cwf-fcf.org\/wp-content\/uploads\/2024\/01\/Runner-Up_Flora_Warren-Lowe-fireweed-BC-2023-1-1100x640.jpg\" class=\"attachment-standard size-standard\" alt=\"\" aria-describedby=\"gallery-1-13593\" \/><\/a>\n          <figcaption class='wp-caption-text gallery-caption' id='gallery-1-13593'>\n          \u00c0 la d\u00e9couverte de la flore | Finaliste  \u00a9 Warren Lowe\n          <\/figcaption><\/figure><\/div><\/div><div class=\"row\"><div class='gallery-item col-md-6'><figure><a href='https:\/\/blog.cwf-fcf.org\/wp-content\/uploads\/2024\/01\/WINNER_Peter-OHara_Connecting-ice-climbing-AB-2023-1.jpg'><img loading=\"lazy\" decoding=\"async\" width=\"1100\" height=\"640\" src=\"https:\/\/blog.cwf-fcf.org\/wp-content\/uploads\/2024\/01\/WINNER_Peter-OHara_Connecting-ice-climbing-AB-2023-1-1100x640.jpg\" class=\"attachment-standard size-standard\" alt=\"\" aria-describedby=\"gallery-1-13599\" \/><\/a>\n          <figcaption class='wp-caption-text gallery-caption' id='gallery-1-13599'>\n          Le contact avec la nature | Photo gagnante \u00a9 Peter O&#8217;Hara\n          <\/figcaption><\/figure><\/div><div class='gallery-item col-md-6'><figure><a href='https:\/\/blog.cwf-fcf.org\/wp-content\/uploads\/2024\/01\/RUNNER-UP_Jillian-Taylor__Connecting-jellyfish-NL-2023-1-scaled.jpg'><img loading=\"lazy\" decoding=\"async\" width=\"1100\" height=\"640\" src=\"https:\/\/blog.cwf-fcf.org\/wp-content\/uploads\/2024\/01\/RUNNER-UP_Jillian-Taylor__Connecting-jellyfish-NL-2023-1-1100x640.jpg\" class=\"attachment-standard size-standard\" alt=\"\" aria-describedby=\"gallery-1-13594\" \/><\/a>\n          <figcaption class='wp-caption-text gallery-caption' id='gallery-1-13594'>\n          Le contact avec la nature | Finaliste  \u00a9 Jillian Taylor\n          <\/figcaption><\/figure><\/div><\/div><div class=\"row\"><div class='gallery-item col-md-6'><figure><a href='https:\/\/blog.cwf-fcf.org\/wp-content\/uploads\/2024\/01\/HONOURARY-_Heidi-Mote_Connecting-canoe-lake-MN-2023-1.jpg'><img loading=\"lazy\" decoding=\"async\" width=\"1100\" height=\"640\" src=\"https:\/\/blog.cwf-fcf.org\/wp-content\/uploads\/2024\/01\/HONOURARY-_Heidi-Mote_Connecting-canoe-lake-MN-2023-1-1100x640.jpg\" class=\"attachment-standard size-standard\" alt=\"\" aria-describedby=\"gallery-1-13580\" \/><\/a>\n          <figcaption class='wp-caption-text gallery-caption' id='gallery-1-13580'>\n          Le contact avec la nature | Mention honorable \u00a9 Heidi Mote\n          <\/figcaption><\/figure><\/div><div class='gallery-item col-md-6'><figure><a href='https:\/\/blog.cwf-fcf.org\/wp-content\/uploads\/2024\/01\/HONOURARY-_Barb-Callander_Connecting-kayaks-lake-ON-2023-1.jpg'><img loading=\"lazy\" decoding=\"async\" width=\"1100\" height=\"640\" src=\"https:\/\/blog.cwf-fcf.org\/wp-content\/uploads\/2024\/01\/HONOURARY-_Barb-Callander_Connecting-kayaks-lake-ON-2023-1-1100x640.jpg\" class=\"attachment-standard size-standard\" alt=\"\" aria-describedby=\"gallery-1-13579\" \/><\/a>\n          <figcaption class='wp-caption-text gallery-caption' id='gallery-1-13579'>\n          Le contact avec la nature | Mention honorable \u00a9 Barb Callander\n          <\/figcaption><\/figure><\/div><\/div><div class=\"row\"><div class='gallery-item col-md-6'><figure><a href='https:\/\/blog.cwf-fcf.org\/wp-content\/uploads\/2024\/01\/WINNER_Urban-Interaction_Mathieu-Labrosse-ferret-QC-2023-1.jpg'><img loading=\"lazy\" decoding=\"async\" width=\"1100\" height=\"640\" src=\"https:\/\/blog.cwf-fcf.org\/wp-content\/uploads\/2024\/01\/WINNER_Urban-Interaction_Mathieu-Labrosse-ferret-QC-2023-1-1100x640.jpg\" class=\"attachment-standard size-standard\" alt=\"\" aria-describedby=\"gallery-1-13601\" \/><\/a>\n          <figcaption class='wp-caption-text gallery-caption' id='gallery-1-13601'>\n          Relations  urbaines  | Photo gagnante \u00a9 Matheiu Labrosse\n          <\/figcaption><\/figure><\/div><div class='gallery-item col-md-6'><figure><a href='https:\/\/blog.cwf-fcf.org\/wp-content\/uploads\/2024\/01\/HONOURARY-MENTION_Liam-Brennan_Urban-Interaction-Vancouver-city-heron-2023-1-scaled.jpg'><img loading=\"lazy\" decoding=\"async\" width=\"1100\" height=\"640\" src=\"https:\/\/blog.cwf-fcf.org\/wp-content\/uploads\/2024\/01\/HONOURARY-MENTION_Liam-Brennan_Urban-Interaction-Vancouver-city-heron-2023-1-1100x640.jpg\" class=\"attachment-standard size-standard\" alt=\"\" aria-describedby=\"gallery-1-13590\" \/><\/a>\n          <figcaption class='wp-caption-text gallery-caption' id='gallery-1-13590'>\n          Relations urbaines  | Finaliste \u00a9 Liam Brennan\n          <\/figcaption><\/figure><\/div><\/div><div class=\"row\"><div class='gallery-item col-md-6'><figure><a href='https:\/\/blog.cwf-fcf.org\/wp-content\/uploads\/2024\/01\/HONOURARY-MENTION_Cindy-Blacklock_HUMOUR-1.jpg'><img loading=\"lazy\" decoding=\"async\" width=\"1100\" height=\"640\" src=\"https:\/\/blog.cwf-fcf.org\/wp-content\/uploads\/2024\/01\/HONOURARY-MENTION_Cindy-Blacklock_HUMOUR-1-1100x640.jpg\" class=\"attachment-standard size-standard\" alt=\"\" aria-describedby=\"gallery-1-13584\" \/><\/a>\n          <figcaption class='wp-caption-text gallery-caption' id='gallery-1-13584'>\n          Humour \u00a9 Cindy Blacklock\n          <\/figcaption><\/figure><\/div><div class='gallery-item col-md-6'><figure><a href='https:\/\/blog.cwf-fcf.org\/wp-content\/uploads\/2024\/01\/HONOURARY-MENTION_Edward-Busby_HUMOUR-2023-1.jpg'><img loading=\"lazy\" decoding=\"async\" width=\"1100\" height=\"640\" src=\"https:\/\/blog.cwf-fcf.org\/wp-content\/uploads\/2024\/01\/HONOURARY-MENTION_Edward-Busby_HUMOUR-2023-1-1100x640.jpg\" class=\"attachment-standard size-standard\" alt=\"\" aria-describedby=\"gallery-1-13586\" \/><\/a>\n          <figcaption class='wp-caption-text gallery-caption' id='gallery-1-13586'>\n          Humour \u00a9 Edward Busby\n          <\/figcaption><\/figure><\/div><\/div><div class=\"row\"><div class='gallery-item col-md-6'><figure><a href='https:\/\/blog.cwf-fcf.org\/wp-content\/uploads\/2024\/01\/HONOURARY-MENTION_Jim-Chung_HUMOUR-2023-1.jpg'><img loading=\"lazy\" decoding=\"async\" width=\"1100\" height=\"640\" src=\"https:\/\/blog.cwf-fcf.org\/wp-content\/uploads\/2024\/01\/HONOURARY-MENTION_Jim-Chung_HUMOUR-2023-1-1100x640.jpg\" class=\"attachment-standard size-standard\" alt=\"\" aria-describedby=\"gallery-1-13587\" \/><\/a>\n          <figcaption class='wp-caption-text gallery-caption' id='gallery-1-13587'>\n          Humour \u00a9 JIm Chung\n          <\/figcaption><\/figure><\/div><div class='gallery-item col-md-6'><figure><a href='https:\/\/blog.cwf-fcf.org\/wp-content\/uploads\/2024\/01\/HONOURARY-MENTION_Joe-Wilson_HUMOUR-2023-1.jpg'><img loading=\"lazy\" decoding=\"async\" width=\"1100\" height=\"640\" src=\"https:\/\/blog.cwf-fcf.org\/wp-content\/uploads\/2024\/01\/HONOURARY-MENTION_Joe-Wilson_HUMOUR-2023-1-1100x640.jpg\" class=\"attachment-standard size-standard\" alt=\"\" aria-describedby=\"gallery-1-13588\" \/><\/a>\n          <figcaption class='wp-caption-text gallery-caption' id='gallery-1-13588'>\n          Humour \u00a9 Joe Wilson\n          <\/figcaption><\/figure><\/div><\/div><\/div>\n<p>En savoir plus, visitez le site web <a href=\"https:\/\/cwf-fcf.org\/fr\/explorer\/club-de-photographie\/annuel\/galerie-des-gagnants\/2023-reflections-of-nature.html?src=blog\" target=\"_blank\" rel=\"noopener noreferrer\">Concours annuel de photographie | Galerie des gagnant(e)s &gt;<\/a><\/p>\n","protected":false},"excerpt":{"rendered":"<div class=\"post-excerpt\">Venez admirer les photos gagnantes du concours de photographie Reflets de la nature 2023! On dit qu\u2019une photo vaut mille mots, mais vous manqueront-ils quand vous verrez les photos du&hellip;<\/div>\n","protected":false},"author":1,"featured_media":13545,"comment_status":"open","ping_status":"open","sticky":false,"template":"","format":"standard","meta":{"_exactmetrics_skip_tracking":false,"_exactmetrics_sitenote_active":false,"_exactmetrics_sitenote_note":"","_exactmetrics_sitenote_category":0,"footnotes":""},"categories":[794],"tags":[5160,9792],"class_list":["post-13575","post","type-post","status-publish","format-standard","has-post-thumbnail","hentry","category-contact-avec-la-nature","tag-photographie","tag-reflections-de-la-nature"],"_links":{"self":[{"href":"https:\/\/blog.cwf-fcf.org\/index.php\/wp-json\/wp\/v2\/posts\/13575","targetHints":{"allow":["GET"]}}],"collection":[{"href":"https:\/\/blog.cwf-fcf.org\/index.php\/wp-json\/wp\/v2\/posts"}],"about":[{"href":"https:\/\/blog.cwf-fcf.org\/index.php\/wp-json\/wp\/v2\/types\/post"}],"author":[{"embeddable":true,"href":"https:\/\/blog.cwf-fcf.org\/index.php\/wp-json\/wp\/v2\/users\/1"}],"replies":[{"embeddable":true,"href":"https:\/\/blog.cwf-fcf.org\/index.php\/wp-json\/wp\/v2\/comments?post=13575"}],"version-history":[{"count":3,"href":"https:\/\/blog.cwf-fcf.org\/index.php\/wp-json\/wp\/v2\/posts\/13575\/revisions"}],"predecessor-version":[{"id":13608,"href":"https:\/\/blog.cwf-fcf.org\/index.php\/wp-json\/wp\/v2\/posts\/13575\/revisions\/13608"}],"wp:featuredmedia":[{"embeddable":true,"href":"https:\/\/blog.cwf-fcf.org\/index.php\/wp-json\/wp\/v2\/media\/13545"}],"wp:attachment":[{"href":"https:\/\/blog.cwf-fcf.org\/index.php\/wp-json\/wp\/v2\/media?parent=13575"}],"wp:term":[{"taxonomy":"category","embeddable":true,"href":"https:\/\/blog.cwf-fcf.org\/index.php\/wp-json\/wp\/v2\/categories?post=13575"},{"taxonomy":"post_tag","embeddable":true,"href":"https:\/\/blog.cwf-fcf.org\/index.php\/wp-json\/wp\/v2\/tags?post=13575"}],"curies":[{"name":"wp","href":"https:\/\/api.w.org\/{rel}","templated":true}]}}