{"id":13257,"date":"2023-10-10T14:13:44","date_gmt":"2023-10-10T14:13:44","guid":{"rendered":"https:\/\/blog.cwf-fcf.org\/?p=13257"},"modified":"2023-10-18T15:18:18","modified_gmt":"2023-10-18T15:18:18","slug":"les-prairies-sont-comme-un-superheros-secret-pret-a-lutter-contre-le-changement-climatique","status":"publish","type":"post","link":"https:\/\/blog.cwf-fcf.org\/index.php\/fr\/les-prairies-sont-comme-un-superheros-secret-pret-a-lutter-contre-le-changement-climatique\/","title":{"rendered":"Les prairies sont comme un superh\u00e9ros secret pr\u00eat \u00e0 lutter contre le changement climatique"},"content":{"rendered":"<h2>\u00ab\u00a0&#8230; Nous devons notre existence \u00e0 une couche de terre arable de six pouces et au fait qu\u2019il pleut.\u00a0\u00bb<\/h2>\n<p>Cette citation est attribu\u00e9e avec un certain doute au regrett\u00e9 Paul Harvey, journaliste et commentateur agricole \u00e0 la radio am\u00e9ricaine. Apr\u00e8s quelques instants de r\u00e9flexion, cela se v\u00e9rifie.<\/p>\n<p>Tout ce que nous mangeons pousse dans la terre ou mange ce qui pousse dans la terre. Sans terre, qui est une couche organique de vie bouillonnante, nous aurions de graves probl\u00e8mes.<\/p>\n<p>Cela est d\u2019autant plus vrai qu\u2019aujourd\u2019hui. La combustion de combustibles fossiles soutire du carbone qui a \u00e9t\u00e9 pi\u00e9g\u00e9 profond\u00e9ment dans la terre pendant des millions d\u2019ann\u00e9es. Cette pratique a d\u00e9pass\u00e9 la capacit\u00e9 naturelle de la Terre \u00e0 g\u00e9rer le carbone, \u00e0 la fois sur terre et dans les oc\u00e9ans. Par cons\u00e9quent, de vastes tonnes de carbone tournent dans l\u2019atmosph\u00e8re, comme un jet commercial, au-dessus d\u2019un a\u00e9roport, attendant une occasion d\u2019atterrir. Pendant ce temps, le carbone emprisonne la chaleur solaire dans notre atmosph\u00e8re, r\u00e9chauffe la plan\u00e8te et modifie notre climat.<\/p>\n<h3><strong>Les sols des prairies comme entrep\u00f4ts de carbone<\/strong><\/h3>\n<figure id=\"attachment_13253\" aria-describedby=\"caption-attachment-13253\" style=\"width: 640px\" class=\"wp-caption alignnone\"><img loading=\"lazy\" decoding=\"async\" class=\"wp-image-13253 size-medium\" src=\"https:\/\/blog.cwf-fcf.org\/wp-content\/uploads\/2023\/10\/grass-roots-transparent-man-640x960.jpg\" alt=\"\" width=\"640\" height=\"960\" srcset=\"https:\/\/blog.cwf-fcf.org\/wp-content\/uploads\/2023\/10\/grass-roots-transparent-man-640x960.jpg 640w, https:\/\/blog.cwf-fcf.org\/wp-content\/uploads\/2023\/10\/grass-roots-transparent-man-768x1152.jpg 768w, https:\/\/blog.cwf-fcf.org\/wp-content\/uploads\/2023\/10\/grass-roots-transparent-man-530x795.jpg 530w, https:\/\/blog.cwf-fcf.org\/wp-content\/uploads\/2023\/10\/grass-roots-transparent-man.jpg 908w\" sizes=\"auto, (max-width: 640px) 100vw, 640px\" \/><figcaption id=\"caption-attachment-13253\" class=\"wp-caption-text\">Les gramin\u00e9es ont de longues racines et jusqu\u2019\u00e0 70\u00a0% de ces plantes poussent sous terre. Cela permet \u00e0 leurs racines d\u2019absorber le carbone de l\u2019air et de le stocker dans le sol.<\/figcaption><\/figure>\n<p>Cette possibilit\u00e9 pourrait bien se trouver dans la mince couche du sol des prairies. Les chiffres varient et les calculs sont complexes, mais le sol sous les prairies indig\u00e8nes des grandes plaines du Canada stocke 50\u00a0tonnes de carbone par acre de terre (environ 124\u00a0tonnes par hectare). Par cons\u00e9quent, il suffit de quelques fermes de prairies indig\u00e8nes bien g\u00e9r\u00e9es pour absorber et retenir le carbone annuel \u00e9mis par une province moyenne des Prairies. C\u2019est ce qu\u2019on appelle une \u00ab\u00a0solution fond\u00e9e sur la nature\u00a0\u00bb, o\u00f9 au lieu de chercher une solution technologique pour g\u00e9rer le carbone et le changement climatique, nous donnons \u00e0 la Terre les moyens d\u2019intervenir et de faire ce que les parents font trop souvent\u00a0\u2013 nettoyer les d\u00e9g\u00e2ts de leurs enfants.<\/p>\n<p>Le processus est simple. Les plantes \u00ab\u00a0inspirent\u00a0\u00bb le dioxyde de carbone de l\u2019air, l\u2019incorporent dans leurs tissus et expirent de l\u2019oxyg\u00e8ne; ce processus fait partie de la photosynth\u00e8se. Dans les prairies, une grande partie de ce tissu se trouve principalement dans les racines sous terre. Les racines poussent, meurent, se d\u00e9composent, et une grande partie de ce carbone reste dans le sol, peut-\u00eatre pendant des si\u00e8cles si on le permet. Les sols des prairies ont \u00e9t\u00e9 appel\u00e9s une \u00ab\u00a0vo\u00fbte de carbone\u00a0\u00bb. Bien s\u00fbr, toutes les plantes accomplissent cela, mais la croissance rapide des plantes des prairies et leur large distribution mondiale font de celles-ci des entreposeuses de carbone particuli\u00e8rement efficaces.<\/p>\n<p>Si seulement c\u2019\u00e9tait vraiment aussi simple que cela. La quantit\u00e9 de carbone que les sols de prairies peuvent contenir, la rapidit\u00e9 avec laquelle ils peuvent le \u00ab\u00a0capturer\u00a0\u00bb et la quantit\u00e9 qu\u2019ils d\u00e9gagent (parce que cela arrive aussi) d\u00e9pend de la fa\u00e7on dont ce sol est g\u00e9r\u00e9. Avant la colonisation europ\u00e9enne, les sols des prairies \u00e9taient g\u00e9r\u00e9s par les peuples autochtones et les vastes troupeaux d\u2019esp\u00e8ces sauvages qui y vivaient. Les feux allum\u00e9s par les Premi\u00e8res Nations, ainsi que les excr\u00e9ments d\u2019animaux, ont contribu\u00e9 \u00e0 recycler le carbone et \u00e0 produire la mati\u00e8re organique du sol \u00e0 des niveaux probablement jamais vus depuis.<\/p>\n<h3><strong>Maximiser la capture du carbone en agriculture<\/strong><\/h3>\n<p><img loading=\"lazy\" decoding=\"async\" class=\"alignnone size-medium wp-image-13254\" src=\"https:\/\/blog.cwf-fcf.org\/wp-content\/uploads\/2023\/10\/sk-grasslands-sunflower-GettyImages-800901986-640x427.jpg\" alt=\"\" width=\"640\" height=\"427\" srcset=\"https:\/\/blog.cwf-fcf.org\/wp-content\/uploads\/2023\/10\/sk-grasslands-sunflower-GettyImages-800901986-640x427.jpg 640w, https:\/\/blog.cwf-fcf.org\/wp-content\/uploads\/2023\/10\/sk-grasslands-sunflower-GettyImages-800901986-1100x733.jpg 1100w, https:\/\/blog.cwf-fcf.org\/wp-content\/uploads\/2023\/10\/sk-grasslands-sunflower-GettyImages-800901986-768x512.jpg 768w, https:\/\/blog.cwf-fcf.org\/wp-content\/uploads\/2023\/10\/sk-grasslands-sunflower-GettyImages-800901986-1536x1024.jpg 1536w, https:\/\/blog.cwf-fcf.org\/wp-content\/uploads\/2023\/10\/sk-grasslands-sunflower-GettyImages-800901986-530x353.jpg 530w, https:\/\/blog.cwf-fcf.org\/wp-content\/uploads\/2023\/10\/sk-grasslands-sunflower-GettyImages-800901986.jpg 1920w\" sizes=\"auto, (max-width: 640px) 100vw, 640px\" \/><\/p>\n<p>Depuis, la gestion des sols a bris\u00e9 ce cycle important. Le d\u00e9foncement du gazon, ce processus utilis\u00e9 par les colons pour convertir les prairies indig\u00e8nes en terres cultiv\u00e9es en labourant le sol, lib\u00e9rait au moins un tiers du carbone du sol dans l\u2019air. La culture annuelle, o\u00f9 le sol est labour\u00e9 chaque ann\u00e9e pour faire pousser des c\u00e9r\u00e9ales, des graines ol\u00e9agineuses ou des l\u00e9gumineuses (lentilles, pois, soja), r\u00e9duit davantage le carbone du sol ainsi que la capacit\u00e9 du sol \u00e0 capturer le carbone. Les plantes qu\u2019on laisse pousser plus longtemps capturent plus de carbone. Cela veut dire que la gestion des terres qui laisse place aux cultures vivaces, comme le foin ou les prairies artificielles, am\u00e9liore la quantit\u00e9 de carbone qui peut \u00eatre stock\u00e9e dans le sol. Mais l\u2019\u00e9talon-or reste la prairie indig\u00e8ne. La prairie indig\u00e8ne, qu\u2019elle soit p\u00e2tur\u00e9e, en repos ou m\u00eame br\u00fbl\u00e9e, contient plus de carbone que tout autre type de gestion des sols.<\/p>\n<p>L\u00e0 o\u00f9 il y a des d\u00e9fis, il y a des possibilit\u00e9s. M\u00eame s\u2019il a \u00e9t\u00e9 labour\u00e9 pendant des ann\u00e9es, le sol des prairies conserve sa capacit\u00e9 \u00e0 s\u00e9questrer le carbone. En effet, les prairies indig\u00e8nes qui ont \u00e9t\u00e9 bien g\u00e9r\u00e9es peuvent \u00eatre satur\u00e9es de carbone et elles ont peu de capacit\u00e9 \u00e0 en stocker davantage. Cela veut dire que la plus grande possibilit\u00e9 de capturer le carbone r\u00e9side maintenant dans les sols des cultures et des p\u00e2turages qui sont actuellement pauvres en carbone, mais qui, avec une gestion appropri\u00e9e, peuvent vraiment commencer \u00e0 le capturer.<\/p>\n<h3><strong>L\u2019engagement de la FCF envers les solutions fond\u00e9es sur la nature<\/strong><\/h3>\n<figure id=\"attachment_13255\" aria-describedby=\"caption-attachment-13255\" style=\"width: 640px\" class=\"wp-caption alignnone\"><img loading=\"lazy\" decoding=\"async\" class=\"wp-image-13255 size-medium\" src=\"https:\/\/blog.cwf-fcf.org\/wp-content\/uploads\/2023\/10\/CWF-John-Wilmshurst-scans-the-Monet-Ranch-SK-Photo-Diego-Steinaker-640x360.jpg\" alt=\"\" width=\"640\" height=\"360\" srcset=\"https:\/\/blog.cwf-fcf.org\/wp-content\/uploads\/2023\/10\/CWF-John-Wilmshurst-scans-the-Monet-Ranch-SK-Photo-Diego-Steinaker-640x360.jpg 640w, https:\/\/blog.cwf-fcf.org\/wp-content\/uploads\/2023\/10\/CWF-John-Wilmshurst-scans-the-Monet-Ranch-SK-Photo-Diego-Steinaker-1100x619.jpg 1100w, https:\/\/blog.cwf-fcf.org\/wp-content\/uploads\/2023\/10\/CWF-John-Wilmshurst-scans-the-Monet-Ranch-SK-Photo-Diego-Steinaker-768x432.jpg 768w, https:\/\/blog.cwf-fcf.org\/wp-content\/uploads\/2023\/10\/CWF-John-Wilmshurst-scans-the-Monet-Ranch-SK-Photo-Diego-Steinaker-1536x864.jpg 1536w, https:\/\/blog.cwf-fcf.org\/wp-content\/uploads\/2023\/10\/CWF-John-Wilmshurst-scans-the-Monet-Ranch-SK-Photo-Diego-Steinaker-530x298.jpg 530w, https:\/\/blog.cwf-fcf.org\/wp-content\/uploads\/2023\/10\/CWF-John-Wilmshurst-scans-the-Monet-Ranch-SK-Photo-Diego-Steinaker.jpg 1600w\" sizes=\"auto, (max-width: 640px) 100vw, 640px\" \/><figcaption id=\"caption-attachment-13255\" class=\"wp-caption-text\">John Wilmshurst, gestionnaire de la conservation des prairies indig\u00e8nes de la FCF, m\u00e8ne le combat dans le cadre du Canadian Grasslands Project.<\/figcaption><\/figure>\n<p>Les solutions naturelles au changement climatique nous attendent. \u00c0 la F\u00e9d\u00e9ration canadienne de la faune, nous explorons beaucoup de ces possibilit\u00e9s, en mettant l\u2019accent sur la recherche de solutions gagnantes pour tous; \u00e0 savoir des endroits o\u00f9 la r\u00e9duction des \u00e9missions ou le stockage du carbone profite \u00e9galement \u00e0 la biodiversit\u00e9. Notre partenariat avec Agriculture et Agroalimentaire Canada dans le cadre du programme Laboratoires vivants est l\u2019une de ces possibilit\u00e9s. Vous entendrez beaucoup parler de ces efforts de notre part pour les ann\u00e9es \u00e0 venir.<\/p>\n","protected":false},"excerpt":{"rendered":"<div class=\"post-excerpt\">\u00ab\u00a0&#8230; Nous devons notre existence \u00e0 une couche de terre arable de six pouces et au fait qu\u2019il pleut.\u00a0\u00bb Cette citation est attribu\u00e9e avec un certain doute au regrett\u00e9 Paul&hellip;<\/div>\n","protected":false},"author":152,"featured_media":13252,"comment_status":"open","ping_status":"open","sticky":false,"template":"","format":"standard","meta":{"_exactmetrics_skip_tracking":false,"_exactmetrics_sitenote_active":false,"_exactmetrics_sitenote_note":"","_exactmetrics_sitenote_category":0,"footnotes":""},"categories":[804],"tags":[7254,929],"class_list":["post-13257","post","type-post","status-publish","format-standard","has-post-thumbnail","hentry","category-champs-forets","tag-changement-climatique","tag-prairies"],"_links":{"self":[{"href":"https:\/\/blog.cwf-fcf.org\/index.php\/wp-json\/wp\/v2\/posts\/13257","targetHints":{"allow":["GET"]}}],"collection":[{"href":"https:\/\/blog.cwf-fcf.org\/index.php\/wp-json\/wp\/v2\/posts"}],"about":[{"href":"https:\/\/blog.cwf-fcf.org\/index.php\/wp-json\/wp\/v2\/types\/post"}],"author":[{"embeddable":true,"href":"https:\/\/blog.cwf-fcf.org\/index.php\/wp-json\/wp\/v2\/users\/152"}],"replies":[{"embeddable":true,"href":"https:\/\/blog.cwf-fcf.org\/index.php\/wp-json\/wp\/v2\/comments?post=13257"}],"version-history":[{"count":2,"href":"https:\/\/blog.cwf-fcf.org\/index.php\/wp-json\/wp\/v2\/posts\/13257\/revisions"}],"predecessor-version":[{"id":13288,"href":"https:\/\/blog.cwf-fcf.org\/index.php\/wp-json\/wp\/v2\/posts\/13257\/revisions\/13288"}],"wp:featuredmedia":[{"embeddable":true,"href":"https:\/\/blog.cwf-fcf.org\/index.php\/wp-json\/wp\/v2\/media\/13252"}],"wp:attachment":[{"href":"https:\/\/blog.cwf-fcf.org\/index.php\/wp-json\/wp\/v2\/media?parent=13257"}],"wp:term":[{"taxonomy":"category","embeddable":true,"href":"https:\/\/blog.cwf-fcf.org\/index.php\/wp-json\/wp\/v2\/categories?post=13257"},{"taxonomy":"post_tag","embeddable":true,"href":"https:\/\/blog.cwf-fcf.org\/index.php\/wp-json\/wp\/v2\/tags?post=13257"}],"curies":[{"name":"wp","href":"https:\/\/api.w.org\/{rel}","templated":true}]}}