{"id":13007,"date":"2023-08-14T13:40:43","date_gmt":"2023-08-14T13:40:43","guid":{"rendered":"https:\/\/blog.cwf-fcf.org\/?p=13007"},"modified":"2023-08-28T15:10:33","modified_gmt":"2023-08-28T15:10:33","slug":"chez-nous-sur-les-grands-paturages-mon-ete-comme-technicienne-dechantillonnage-dinsectes-sur-le-terrain","status":"publish","type":"post","link":"https:\/\/blog.cwf-fcf.org\/index.php\/fr\/chez-nous-sur-les-grands-paturages-mon-ete-comme-technicienne-dechantillonnage-dinsectes-sur-le-terrain\/","title":{"rendered":"Chez nous sur les grands p\u00e2turages : mon \u00e9t\u00e9 comme technicienne d\u2019\u00e9chantillonnage d\u2019insectes sur le terrain"},"content":{"rendered":"<h2><strong>J\u2019ai pass\u00e9 ma vie entour\u00e9e de chevaux, de b\u00e9tail et de grands p\u00e2turages indig\u00e8nes<\/strong><\/h2>\n<p>J\u2019ai grandi sur un ranch le long de la rivi\u00e8re Saskatchewan Sud dans le centre-ouest de la Saskatchewan. Mes id\u00e9es sur l\u2019environnement \u00e9manent de mon exp\u00e9rience sur le ranch \u2013 les grands \u00e9leveurs d\u00e9pendent de prairies en sant\u00e9 et de la pluie. Les prairies m\u2019ont toujours grandement int\u00e9ress\u00e9e. Lorsque l\u2019occasion s\u2019est pr\u00e9sent\u00e9e de passer l\u2019\u00e9t\u00e9 sur diff\u00e9rents ranchs pour participer \u00e0 une <a href=\"https:\/\/blog.cwf-fcf.org\/index.php\/fr\/un-citadin-participe-au-projet-sur-les-insectes-des-prairies\/\">\u00e9tude<\/a> qui peut nous aider \u00e0 mieux comprendre la fa\u00e7on dont r\u00e9agissent les prairies \u00e0 leur environnement, je savais que je devais y participer.<\/p>\n<h3><strong>Sur le terrain<\/strong><\/h3>\n<p>Nous partions t\u00f4t le matin de Swift Current en Saskatchewan pour nous rendre \u00e0 un des quatre ranchs activement exploit\u00e9s o\u00f9 nous devions pr\u00e9lever des \u00e9chantillons d\u2019insectes. Les r\u00e9veils \u00e0 4\u00a0h ne me manqueront pas.<\/p>\n<p>Nous utilisions deux diff\u00e9rentes m\u00e9thodes pour attraper les insectes : des pi\u00e8ges \u00e0 eau et des filets fauchoirs. Les pi\u00e8ges \u00e0 eau sont essentiellement des bols en plastique jaune peu profonds remplis d\u2019eau savonneuse qu\u2019on laisse dehors pendant 24 heures pour deux jours cons\u00e9cutifs. Pour ce qui est des filets fauchoirs, on doit utiliser le filet pour balayer pr\u00e8s du sol afin de capturer les insectes cramponn\u00e9s \u00e0 l\u2019herbe et aux fleurs sauvages.<\/p>\n<p><img loading=\"lazy\" decoding=\"async\" class=\"alignleft size-thumbnail wp-image-12954\" src=\"https:\/\/blog.cwf-fcf.org\/wp-content\/uploads\/2023\/08\/Prickly-Pear-Cactus-440x290.jpg\" alt=\"\" width=\"440\" height=\"290\" \/>Nos travaux sur le terrain se sont d\u00e9roul\u00e9s de la fin de mai \u00e0 la fin de juillet 2023. Nous avons recueilli des insectes sur quatre ranchs toutes les semaines afin de savoir comment change leur biodiversit\u00e9 avec le temps. Nous avons ensuite envoy\u00e9 les insectes \u00e0 Ottawa pour \u00eatre tri\u00e9s, classifi\u00e9s et identifi\u00e9s. Nous n\u2019\u00e9tions pas les seules \u00e9quipes \u00e0 nous rendre sur le terrain. Il y avait aussi des \u00e9quipes qui se consacraient \u00e0 l\u2019\u00e9tude de la v\u00e9g\u00e9tation, des oiseaux et du sol en m\u00eame temps que nous. C\u2019est ce qui m\u2019a attir\u00e9 vers cette \u00e9tude \u2013 elle d\u00e9montrera l\u2019importance d\u2019avoir une saine combinaison de plantes et d\u2019animaux de prairies. Si un de ces \u00e9l\u00e9ments se trouve en d\u00e9s\u00e9quilibre, il aura un effet sur tous les autres \u00e9l\u00e9ments et sur l\u2019environnement environnant. Le projet vise \u00e0 am\u00e9liorer notre fa\u00e7on de g\u00e9rer ce qui nous reste des prairies indig\u00e8nes et de maintenir un sain \u00e9quilibre entre la nature et le b\u00e9tail.<\/p>\n<p><img loading=\"lazy\" decoding=\"async\" class=\"alignright size-thumbnail wp-image-12955\" src=\"https:\/\/blog.cwf-fcf.org\/wp-content\/uploads\/2023\/08\/Tiger-Lily-440x290.jpg\" alt=\"\" width=\"440\" height=\"290\" \/>Ce que j\u2019ai pr\u00e9f\u00e9r\u00e9 de cette exp\u00e9rience a \u00e9t\u00e9 de voir les changements qui avaient lieu dans les prairies au courant de la saison estivale. La v\u00e9g\u00e9tation changeait hebdomadairement alors que les plantes des saisons froides et chaudes prenaient leur tour \u00e0 fleurir. \u00c0 la fin de mai, on pouvait observer de grandes grappes de gyroselles de Virginie d\u2019un violet ardent. \u00c0 la mi-juin, les figues de Barbarie ont fleuri, et leurs fleurs d\u2019un jaune vif ont recouvert le paysage. En juillet, les am\u00e9lanchiers de Saskatoon \u00e9taient abondants. Un de mes meilleurs moments a \u00e9t\u00e9 de trouver un lis tigr\u00e9 dans les dunes \u2013 un endroit o\u00f9 je n\u2019aurais jamais cru pouvoir trouver une telle plante.<\/p>\n<p>Je recommanderais cette exp\u00e9rience \u00e0 toutes les personnes qui souhaitent en savoir plus sur les prairies sur des ranchs activement exploit\u00e9s, ou m\u00eame aux personnes qui aiment simplement passer du temps en plein air. Les r\u00e9veils matinaux en valent la peine et les connaissances que j&#8217;ai acquises sur les plantes, les animaux et les insectes sont incomparables. C&#8217;est un \u00e9t\u00e9 que je n&#8217;oublierai pas de sit\u00f4t.<\/p>\n<h4><strong>Apprenez-en plus sur les travaux de la F\u00e9d\u00e9ration canadienne de la faune concernant les <\/strong><a href=\"https:\/\/cwf-fcf.org\/fr\/explorer\/prairies\/\"><strong>prairies indig\u00e8nes du Canada<\/strong><\/a><a href=\"https:\/\/cwf-fcf.org\/en\/explore\/grasslands\/?src=blog\"><strong> &gt;<\/strong><\/a><\/h4>\n<h5><strong><img loading=\"lazy\" decoding=\"async\" class=\"alignleft wp-image-12951 \" src=\"https:\/\/blog.cwf-fcf.org\/wp-content\/uploads\/2023\/08\/Janna-Hewitt.png\" alt=\"\" width=\"208\" height=\"208\" srcset=\"https:\/\/blog.cwf-fcf.org\/wp-content\/uploads\/2023\/08\/Janna-Hewitt.png 844w, https:\/\/blog.cwf-fcf.org\/wp-content\/uploads\/2023\/08\/Janna-Hewitt-640x640.png 640w, https:\/\/blog.cwf-fcf.org\/wp-content\/uploads\/2023\/08\/Janna-Hewitt-768x768.png 768w, https:\/\/blog.cwf-fcf.org\/wp-content\/uploads\/2023\/08\/Janna-Hewitt-530x530.png 530w, https:\/\/blog.cwf-fcf.org\/wp-content\/uploads\/2023\/08\/Janna-Hewitt-100x100.png 100w\" sizes=\"auto, (max-width: 208px) 100vw, 208px\" \/>Auteure<\/strong><\/h5>\n<p><strong>Janna Hewitt<\/strong><\/p>\n<p>Janna a grandi sur un ranch dans le sud de la Saskatchewan et \u00e9tudie maintenant la gestion des ressources naturelles et des grands p\u00e2turages au coll\u00e8ge communautaire de Miles City dans le Montana gr\u00e2ce \u00e0 une bourse de rod\u00e9o. Janna se passionne pour les prairies, le b\u00e9tail et la nature. Elle pratique la capture et l\u2019immobilisation comp\u00e9titives dans des rod\u00e9os partout dans l\u2019ouest du Canada et aux \u00c9tats-Unis.<\/p>\n","protected":false},"excerpt":{"rendered":"<div class=\"post-excerpt\">J\u2019ai pass\u00e9 ma vie entour\u00e9e de chevaux, de b\u00e9tail et de grands p\u00e2turages indig\u00e8nes J\u2019ai grandi sur un ranch le long de la rivi\u00e8re Saskatchewan Sud dans le centre-ouest de&hellip;<\/div>\n","protected":false},"author":1,"featured_media":12953,"comment_status":"open","ping_status":"open","sticky":false,"template":"","format":"standard","meta":{"_exactmetrics_skip_tracking":false,"_exactmetrics_sitenote_active":false,"_exactmetrics_sitenote_note":"","_exactmetrics_sitenote_category":0,"footnotes":""},"categories":[804,794],"tags":[929],"class_list":["post-13007","post","type-post","status-publish","format-standard","has-post-thumbnail","hentry","category-champs-forets","category-contact-avec-la-nature","tag-prairies"],"_links":{"self":[{"href":"https:\/\/blog.cwf-fcf.org\/index.php\/wp-json\/wp\/v2\/posts\/13007","targetHints":{"allow":["GET"]}}],"collection":[{"href":"https:\/\/blog.cwf-fcf.org\/index.php\/wp-json\/wp\/v2\/posts"}],"about":[{"href":"https:\/\/blog.cwf-fcf.org\/index.php\/wp-json\/wp\/v2\/types\/post"}],"author":[{"embeddable":true,"href":"https:\/\/blog.cwf-fcf.org\/index.php\/wp-json\/wp\/v2\/users\/1"}],"replies":[{"embeddable":true,"href":"https:\/\/blog.cwf-fcf.org\/index.php\/wp-json\/wp\/v2\/comments?post=13007"}],"version-history":[{"count":3,"href":"https:\/\/blog.cwf-fcf.org\/index.php\/wp-json\/wp\/v2\/posts\/13007\/revisions"}],"predecessor-version":[{"id":13014,"href":"https:\/\/blog.cwf-fcf.org\/index.php\/wp-json\/wp\/v2\/posts\/13007\/revisions\/13014"}],"wp:featuredmedia":[{"embeddable":true,"href":"https:\/\/blog.cwf-fcf.org\/index.php\/wp-json\/wp\/v2\/media\/12953"}],"wp:attachment":[{"href":"https:\/\/blog.cwf-fcf.org\/index.php\/wp-json\/wp\/v2\/media?parent=13007"}],"wp:term":[{"taxonomy":"category","embeddable":true,"href":"https:\/\/blog.cwf-fcf.org\/index.php\/wp-json\/wp\/v2\/categories?post=13007"},{"taxonomy":"post_tag","embeddable":true,"href":"https:\/\/blog.cwf-fcf.org\/index.php\/wp-json\/wp\/v2\/tags?post=13007"}],"curies":[{"name":"wp","href":"https:\/\/api.w.org\/{rel}","templated":true}]}}