{"id":12867,"date":"2023-06-30T17:53:10","date_gmt":"2023-06-30T17:53:10","guid":{"rendered":"https:\/\/blog.cwf-fcf.org\/?p=12867"},"modified":"2023-06-30T17:54:22","modified_gmt":"2023-06-30T17:54:22","slug":"six-fleurs-sauvages-du-debut-de-lete-dans-la-foret-carolinienne","status":"publish","type":"post","link":"https:\/\/blog.cwf-fcf.org\/index.php\/fr\/six-fleurs-sauvages-du-debut-de-lete-dans-la-foret-carolinienne\/","title":{"rendered":"Six fleurs sauvages du d\u00e9but de l\u2019\u00e9t\u00e9 dans la for\u00eat carolinienne"},"content":{"rendered":"<h2><strong>Le bassin Long Point, sur la rive nord du lac \u00c9ri\u00e9, est l\u2019une des r\u00e9gions du Canada les plus diversifi\u00e9es sur le plan biologique.<\/strong><\/h2>\n<p>Nich\u00e9e au c\u0153ur de <a href=\"https:\/\/sobr.ca\/ontarios-ecozones\/\">l\u2019\u00e9cozone carolinienne<\/a>, cette r\u00e9gion est compos\u00e9e d\u2019une grande plaine de sable et d\u2019anciennes dunes bois\u00e9es. Elle abrite de nombreuses esp\u00e8ces de plantes et d\u2019animaux sauvages uniques.<\/p>\n<p>Le d\u00e9but de l\u2019\u00e9t\u00e9 est le moment id\u00e9al pour voir fleurir ces fleurs sauvages uniques le long des sentiers des aires de conservation. En compagnie de Stefan Weber, botaniste, d\u00e9couvrez les coulisses des fleurs de cette r\u00e9gion, leurs caract\u00e9ristiques et la faune sauvage qu\u2019elles attirent.<\/p>\n<h3><strong>N<sup>o<\/sup>\u00a01\u00a0: Lupin vivace<\/strong><\/h3>\n<figure id=\"attachment_12842\" aria-describedby=\"caption-attachment-12842\" style=\"width: 1100px\" class=\"wp-caption alignnone\"><img loading=\"lazy\" decoding=\"async\" class=\"wp-image-12842 size-standard\" src=\"https:\/\/blog.cwf-fcf.org\/wp-content\/uploads\/2023\/06\/Niagara-Lupine-stefan-weber-1100x640.jpg\" alt=\"\" width=\"1100\" height=\"640\" \/><figcaption id=\"caption-attachment-12842\" class=\"wp-caption-text\">Lupin dans la r\u00e9gion de Niagara @Stefan Weber | FCF<\/figcaption><\/figure>\n<p>La restauration locale du lupin vivace est une r\u00e9ussite! Des graines de cette esp\u00e8ce ont \u00e9t\u00e9 conserv\u00e9es, renforc\u00e9es et restaur\u00e9es \u00e0 partir de populations locales restantes. Adepte des sols sableux, elle n\u00e9cessite la pr\u00e9sence de bact\u00e9ries sp\u00e9cifiques pour s\u2019\u00e9tablir et fleurir. Souvent recherch\u00e9e par les jardiniers, elle est mieux appr\u00e9ci\u00e9e dans son habitat naturel de prairies et de savanes sablonneuses.<\/p>\n<h3><strong>N<sup>o<\/sup>\u00a02\u00a0: Cornouiller fleuri\u00a0<\/strong><\/h3>\n<figure id=\"attachment_12843\" aria-describedby=\"caption-attachment-12843\" style=\"width: 1100px\" class=\"wp-caption alignnone\"><img loading=\"lazy\" decoding=\"async\" class=\"wp-image-12843 size-standard\" src=\"https:\/\/blog.cwf-fcf.org\/wp-content\/uploads\/2023\/06\/flowering-dogwood-stefan-weber-1100x640.jpg\" alt=\"\" width=\"1100\" height=\"640\" \/><figcaption id=\"caption-attachment-12843\" class=\"wp-caption-text\">Pollinisation d\u2019un cornouiller @Stefan Weber | FCF<\/figcaption><\/figure>\n<p>Le cornouiller fleuri est une esp\u00e8ce en p\u00e9ril en Ontario. Ce petit arbre se distingue par de grandes fleurs embl\u00e9matiques, qui sont en r\u00e9alit\u00e9 des feuilles modifi\u00e9es! Le cornouiller fleuri pousse dans diverses conditions de sols bien drain\u00e9s et peut bien agr\u00e9menter un jardin. Il est cependant pr\u00e9f\u00e9rable de se le procurer aupr\u00e8s d\u2019une p\u00e9pini\u00e8re locale, pour \u00e9viter de propager la maladie qui l\u2019affecte.<\/p>\n<p><strong>N<sup>o<\/sup>\u00a03\u00a0: Gr\u00e9mil blanch\u00e2tre<\/strong><\/p>\n<figure id=\"attachment_12844\" aria-describedby=\"caption-attachment-12844\" style=\"width: 1100px\" class=\"wp-caption alignnone\"><img loading=\"lazy\" decoding=\"async\" class=\"wp-image-12844 size-standard\" src=\"https:\/\/blog.cwf-fcf.org\/wp-content\/uploads\/2023\/06\/Hoary-Puccoon-stefan-weber-1100x640.jpg\" alt=\"\" width=\"1100\" height=\"640\" \/><figcaption id=\"caption-attachment-12844\" class=\"wp-caption-text\">Gr\u00e9mil blanch\u00e2tre @Stefan Weber | FCF<\/figcaption><\/figure>\n<p>Le gr\u00e9mil blanch\u00e2tre se distingue par de grandes fleurs dor\u00e9es, ce qui est unique pour une esp\u00e8ce \u00e0 floraison printani\u00e8re dans cette r\u00e9gion. Il attire les queues d\u2019hirondelles et les bourdons. Cependant, comme le lupin vivace, cette plante est une sp\u00e9cialiste des sols sableux et ne prosp\u00e8re pas dans la plupart des jardins. C\u2019est aussi un h\u00e9miparasite (parasite partiel) d\u2019autres plantes indig\u00e8nes, cons\u00e9quence d\u2019une adaptation \u00e0 la vie dans des dunes de sable pauvres en nutriments.<\/p>\n<h3><strong>N<sup>o<\/sup>\u00a04\u00a0: Phlox divariqu\u00e9<\/strong><\/h3>\n<figure id=\"attachment_12845\" aria-describedby=\"caption-attachment-12845\" style=\"width: 1100px\" class=\"wp-caption alignnone\"><img loading=\"lazy\" decoding=\"async\" class=\"wp-image-12845 size-standard\" src=\"https:\/\/blog.cwf-fcf.org\/wp-content\/uploads\/2023\/06\/Wood-Phlox-stefan-weber-hor-1100x640.jpg\" alt=\"\" width=\"1100\" height=\"640\" \/><figcaption id=\"caption-attachment-12845\" class=\"wp-caption-text\">Phlox divariqu\u00e9 @ Stefan Weber | FCF<\/figcaption><\/figure>\n<p>Le phlox divariqu\u00e9 est une excellente plante pour les jardins ombrag\u00e9s. Cette esp\u00e8ce est pollinis\u00e9e principalement par les papillons et les papillons de nuit. Ses p\u00e9tales bleus forment un tube \u00e9troit qui rec\u00e8le un nectar que seule la longue langue d\u2019un papillon de nuit est en mesure d\u2019atteindre. Bien que cette plante ne soit pas rare, sa croissance peut \u00eatre lente, elle peut \u00eatre difficile \u00e0 transplanter et \u00e0 propager \u00e0 partir de ses graines.<\/p>\n<h3><strong>N<sup>o<\/sup>\u00a05\u00a0: Vesce de Caroline<\/strong><\/h3>\n<figure id=\"attachment_12846\" aria-describedby=\"caption-attachment-12846\" style=\"width: 1100px\" class=\"wp-caption alignnone\"><img loading=\"lazy\" decoding=\"async\" class=\"wp-image-12846 size-standard\" src=\"https:\/\/blog.cwf-fcf.org\/wp-content\/uploads\/2023\/06\/rare-Carolina-Wood-Vetch-stefan-weber-1100x640.jpg\" alt=\"\" width=\"1100\" height=\"640\" \/><figcaption id=\"caption-attachment-12846\" class=\"wp-caption-text\">Vesce de Caroline @Stefan Weber | FCF<\/figcaption><\/figure>\n<p>La vesce de Caroline n\u2019est repr\u00e9sent\u00e9e que par une seule population, dans la plaine sablonneuse de Long Point, perch\u00e9e au sommet d\u2019une dune bois\u00e9e en bordure de route. Bien qu\u2019au cours des ann\u00e9es pr\u00e9c\u00e9dentes jusqu\u2019\u00e0 25\u00a0repr\u00e9sentantes de cette esp\u00e8ce aient \u00e9t\u00e9 vues en fleurs, cette ann\u00e9e, seulement cinq plantes ont fleuri, probablement en raison de la s\u00e9cheresse. Apparent\u00e9e aux vesces eurasiennes, assimil\u00e9es \u00e0 de mauvaises herbes, cette d\u00e9licate l\u00e9gumineuse grimpante pousse dans des conditions tr\u00e8s sp\u00e9cifiques d\u2019ombre tachet\u00e9e sur un sol sablonneux acide et est difficile \u00e0 multiplier en p\u00e9pini\u00e8re, bien que ses graines soient faciles \u00e0 stocker et \u00e0 faire germer. Cette plante est pollinis\u00e9e par les Erynnis et les abeilles solitaires.<\/p>\n<h3><strong>N<sup>o<\/sup>\u00a06\u00a0: Mertensie ou cloche de Virginie<\/strong><\/h3>\n<figure id=\"attachment_12868\" aria-describedby=\"caption-attachment-12868\" style=\"width: 1100px\" class=\"wp-caption alignleft\"><img loading=\"lazy\" decoding=\"async\" class=\"wp-image-12868 size-standard\" src=\"https:\/\/blog.cwf-fcf.org\/wp-content\/uploads\/2023\/06\/Virginia-Bluebells-stefan-weber-1-1100x640.jpg\" alt=\"\" width=\"1100\" height=\"640\" \/><figcaption id=\"caption-attachment-12868\" class=\"wp-caption-text\">@ Stefan Weber<\/figcaption><\/figure>\n<p>La mertensie ou cloche de Virginie occupe une plus petite partie du bassin Long Point, sur un sol argileux lourd qui abrite une communaut\u00e9 compl\u00e8tement diff\u00e9rente de fleurs sauvages printani\u00e8res. Les mertensies tapissent la plaine inondable le long des ruisseaux au cours lent. Bien qu\u2019elle soit pollinis\u00e9e par les abeilles, cette population est visit\u00e9e chaque ann\u00e9e par les orioles des vergers, qui boivent le nectar en se suspendant la t\u00eate en bas aux arbustes voisins.<\/p>\n<h4><strong>Pour plus d\u2019information sur les plantes et les fleurs indig\u00e8nes, consultez <\/strong><a href=\"https:\/\/cwf-fcf.org\/fr\/ressources\/encyclopedies\/encyclopedie_des_plantes_indignes\/\"><strong>l\u2019encyclop\u00e9die des plantes indig\u00e8nes de la FCF &gt;<\/strong><\/a><\/h4>\n","protected":false},"excerpt":{"rendered":"<div class=\"post-excerpt\">Le bassin Long Point, sur la rive nord du lac \u00c9ri\u00e9, est l\u2019une des r\u00e9gions du Canada les plus diversifi\u00e9es sur le plan biologique. Nich\u00e9e au c\u0153ur de l\u2019\u00e9cozone carolinienne,&hellip;<\/div>\n","protected":false},"author":157,"featured_media":12870,"comment_status":"open","ping_status":"open","sticky":false,"template":"","format":"standard","meta":{"_exactmetrics_skip_tracking":false,"_exactmetrics_sitenote_active":false,"_exactmetrics_sitenote_note":"","_exactmetrics_sitenote_category":0,"footnotes":""},"categories":[804],"tags":[8835],"class_list":["post-12867","post","type-post","status-publish","format-standard","has-post-thumbnail","hentry","category-champs-forets","tag-plantes-indigenes"],"_links":{"self":[{"href":"https:\/\/blog.cwf-fcf.org\/index.php\/wp-json\/wp\/v2\/posts\/12867","targetHints":{"allow":["GET"]}}],"collection":[{"href":"https:\/\/blog.cwf-fcf.org\/index.php\/wp-json\/wp\/v2\/posts"}],"about":[{"href":"https:\/\/blog.cwf-fcf.org\/index.php\/wp-json\/wp\/v2\/types\/post"}],"author":[{"embeddable":true,"href":"https:\/\/blog.cwf-fcf.org\/index.php\/wp-json\/wp\/v2\/users\/157"}],"replies":[{"embeddable":true,"href":"https:\/\/blog.cwf-fcf.org\/index.php\/wp-json\/wp\/v2\/comments?post=12867"}],"version-history":[{"count":1,"href":"https:\/\/blog.cwf-fcf.org\/index.php\/wp-json\/wp\/v2\/posts\/12867\/revisions"}],"predecessor-version":[{"id":12869,"href":"https:\/\/blog.cwf-fcf.org\/index.php\/wp-json\/wp\/v2\/posts\/12867\/revisions\/12869"}],"wp:featuredmedia":[{"embeddable":true,"href":"https:\/\/blog.cwf-fcf.org\/index.php\/wp-json\/wp\/v2\/media\/12870"}],"wp:attachment":[{"href":"https:\/\/blog.cwf-fcf.org\/index.php\/wp-json\/wp\/v2\/media?parent=12867"}],"wp:term":[{"taxonomy":"category","embeddable":true,"href":"https:\/\/blog.cwf-fcf.org\/index.php\/wp-json\/wp\/v2\/categories?post=12867"},{"taxonomy":"post_tag","embeddable":true,"href":"https:\/\/blog.cwf-fcf.org\/index.php\/wp-json\/wp\/v2\/tags?post=12867"}],"curies":[{"name":"wp","href":"https:\/\/api.w.org\/{rel}","templated":true}]}}