{"id":11660,"date":"2022-08-26T17:08:44","date_gmt":"2022-08-26T17:08:44","guid":{"rendered":"https:\/\/blog.cwf-fcf.org\/?p=11660"},"modified":"2022-09-09T17:16:21","modified_gmt":"2022-09-09T17:16:21","slug":"biodiversite-a-la-ferme","status":"publish","type":"post","link":"https:\/\/blog.cwf-fcf.org\/index.php\/fr\/biodiversite-a-la-ferme\/","title":{"rendered":"Biodiversit\u00e9 \u00e0 la ferme"},"content":{"rendered":"<h2>Le printemps et l\u2019\u00e9t\u00e9 ont toujours \u00e9t\u00e9 une p\u00e9riode extraordinaire \u00e0 notre ferme de plaisance.<\/h2>\n<p>Les oiseaux et les tortues hargneuses sont dans leur nid, l\u2019air nocturne est empli de croassements de grenouilles, des familles de canards et un grand h\u00e9ron viennent visiter notre \u00e9tang et, les nuits \u00e9clair\u00e9es par la lune, nous entendons le chant d\u2019un engoulevent bois-pourri pr\u00e8s de la maison. C\u2019est une p\u00e9riode de grande biodiversit\u00e9.<\/p>\n<h3>Un myst\u00e8re d\u00e9voil\u00e9<\/h3>\n<p>Il y a quelques semaines, j\u2019ai remarqu\u00e9 deux trous exceptionnellement gros creus\u00e9s pr\u00e8s de la maison. Chaque trou \u00e9quivalait \u00e0 peu pr\u00e8s \u00e0 la circonf\u00e9rence et \u00e0 un tiers de la profondeur d\u2019une chaudi\u00e8re. Ils \u00e9taient trop gros pour avoir \u00e9t\u00e9 creus\u00e9s par une mouffette. Le premier trou n\u2019avait rien de particulier. Par contre, il y avait plusieurs frelons qui grouillaient au fond du second trou. Une partie de la racine d\u2019un pommier \u00e9tait expos\u00e9e.<\/p>\n<p>J\u2019ai d\u2019abord pens\u00e9 que la racine avait attir\u00e9 les frelons. Mais apr\u00e8s avoir observ\u00e9 le trou de plus pr\u00e8s, j\u2019ai remarqu\u00e9 que les frelons entraient dans un petit trou sous la racine et en ressortaient.<\/p>\n<p>Ah, ah!<\/p>\n<p>L\u2019animal qui avait creus\u00e9 le trou tentait vraisemblablement d\u2019acc\u00e9der aux larves des frelons. J\u2019avais maintenant quelques id\u00e9es sur l\u2019animal qui avait pu creuser le trou. Deux autres indices m\u2019ont \u00e9t\u00e9 fournis par la suite sous forme d\u2019un gros fracas dans la for\u00eat et d\u2019un crottin de bonne taille avec des morceaux de pommes dedans.<\/p>\n<figure id=\"attachment_11612\" aria-describedby=\"caption-attachment-11612\" style=\"width: 440px\" class=\"wp-caption aligncenter\"><img loading=\"lazy\" decoding=\"async\" class=\"wp-image-11612 size-thumbnail\" src=\"https:\/\/blog.cwf-fcf.org\/wp-content\/uploads\/2022\/08\/bear-scat-apple-440x290.jpg\" alt=\"\" width=\"440\" height=\"290\" \/><figcaption id=\"caption-attachment-11612\" class=\"wp-caption-text\">Excr\u00e9ments d\u2019ours avec des morceaux de pommes. @Carolyn Callaghan | FCF<\/figcaption><\/figure>\n<p>Comme je n\u2019\u00e9tais pas encore arriv\u00e9e \u00e0 une r\u00e9ponse concluante \u00e0 partir de tous les indices, mes chiens m\u2019ont aid\u00e9 le jour suivant en for\u00e7ant un petit ours noir \u00e0 sortir de sa cachette. Puisqu\u2019il n\u2019y avait pas de maman ours dans les parages, j\u2019en ai conclu qu\u2019il s\u2019agissait de la premi\u00e8re ann\u00e9e que ce petit ours faisait son chemin dans le monde seul.<\/p>\n<h3>Une d\u00e9couverte inattendue<\/h3>\n<p>En faisant des t\u00e2ches dans l\u2019enclos la fin de semaine derni\u00e8re, une cr\u00e9ature extraordinaire m\u2019a surprise. J\u2019ai d\u00e9plac\u00e9 deux charges de sable avec le tracteur et je venais de commence \u00e0 l\u2019\u00e9tendre avec un r\u00e2teau lorsque la t\u00eate d\u2019une couleuvre tachet\u00e9e est apparue dans l\u2019amas. La petite b\u00eate a tir\u00e9 sa t\u00eate vers l\u2019arri\u00e8re dans une pose mena\u00e7ante.<\/p>\n<figure id=\"attachment_11613\" aria-describedby=\"caption-attachment-11613\" style=\"width: 1100px\" class=\"wp-caption alignnone\"><img loading=\"lazy\" decoding=\"async\" class=\"wp-image-11613 size-standard\" src=\"https:\/\/blog.cwf-fcf.org\/wp-content\/uploads\/2022\/08\/eastern-milk-snake-ontario-1246280983-1100x640.jpg\" alt=\"\" width=\"1100\" height=\"640\" \/><figcaption id=\"caption-attachment-11613\" class=\"wp-caption-text\">Couleuvre tachet\u00e9e de l\u2019Est.<\/figcaption><\/figure>\n<p>L\u2019attitude de la couleuvre m\u2019a d\u00e9sar\u00e7onn\u00e9e. La couleuvre tachet\u00e9e est inoffensive, mais feindra une attitude agressive avec brio. J\u2019\u00e9tais plus inqui\u00e8te du bien-\u00eatre du petit serpent \u00e9tant donn\u00e9 qu\u2019il venait d\u2019\u00eatre ramass\u00e9 par un tracteur. Il ne me semblait pas bless\u00e9. J\u2019ai utilis\u00e9 une pelle pour d\u00e9licatement retirer le sable de son corps. Lorsque j\u2019ai pu voir son corps entier, j\u2019ai constat\u00e9 que c\u2019\u00e9tait un adulte d\u2019environ 30 centim\u00e8tres de longueur.<\/p>\n<p>La couleuvre a quitt\u00e9 l\u2019enclos avec autant de gr\u00e2ce que possible. J\u2019\u00e9tais soulag\u00e9e de ne pas avoir bless\u00e9 l\u2019animal, car il s\u2019agit d\u2019une esp\u00e8ce menac\u00e9e au Canada.<\/p>\n<h3>Les fermes peuvent contribuer \u00e0 la conservation des esp\u00e8ces en p\u00e9ril<\/h3>\n<p>Les fermes du Canada fournissent des habitats \u00e0 de nombreuses esp\u00e8ces, y compris \u00e0 des esp\u00e8ces en p\u00e9ril. Le travail de conservation de la biodiversit\u00e9 des fermiers qui sont de bons intendants doit \u00eatre reconnu. Ce travail est un bien public au profit de tout un chacun. Agriculture et Agroalimentaire Canada r\u00e9dige actuellement un plan d\u2019agriculture durable, con\u00e7u pour fournir une vision \u00e0 long terme de l\u2019agriculture environnementalement durable. J\u2019esp\u00e8re que cette politique r\u00e9compensera les fermiers qui sont de bons intendants des esp\u00e8ces et de la terre.<\/p>\n<p><strong>Apprenez plus sur le travail de la F\u00e9d\u00e9ration canadienne de la faune par rapport \u00e0 <\/strong><a href=\"https:\/\/cwf-fcf.org\/fr\/explorer\/agriculture-habitats\/\"><strong>l\u2019agriculture et la faune<\/strong><\/a><strong>. <\/strong><\/p>\n","protected":false},"excerpt":{"rendered":"<div class=\"post-excerpt\">Le printemps et l\u2019\u00e9t\u00e9 ont toujours \u00e9t\u00e9 une p\u00e9riode extraordinaire \u00e0 notre ferme de plaisance. Les oiseaux et les tortues hargneuses sont dans leur nid, l\u2019air nocturne est empli de&hellip;<\/div>\n","protected":false},"author":16,"featured_media":7297,"comment_status":"open","ping_status":"open","sticky":false,"template":"","format":"standard","meta":{"_exactmetrics_skip_tracking":false,"_exactmetrics_sitenote_active":false,"_exactmetrics_sitenote_note":"","_exactmetrics_sitenote_category":0,"footnotes":""},"categories":[792],"tags":[968],"class_list":["post-11660","post","type-post","status-publish","format-standard","has-post-thumbnail","hentry","category-especes-en-peril","tag-biodiversite"],"_links":{"self":[{"href":"https:\/\/blog.cwf-fcf.org\/index.php\/wp-json\/wp\/v2\/posts\/11660","targetHints":{"allow":["GET"]}}],"collection":[{"href":"https:\/\/blog.cwf-fcf.org\/index.php\/wp-json\/wp\/v2\/posts"}],"about":[{"href":"https:\/\/blog.cwf-fcf.org\/index.php\/wp-json\/wp\/v2\/types\/post"}],"author":[{"embeddable":true,"href":"https:\/\/blog.cwf-fcf.org\/index.php\/wp-json\/wp\/v2\/users\/16"}],"replies":[{"embeddable":true,"href":"https:\/\/blog.cwf-fcf.org\/index.php\/wp-json\/wp\/v2\/comments?post=11660"}],"version-history":[{"count":2,"href":"https:\/\/blog.cwf-fcf.org\/index.php\/wp-json\/wp\/v2\/posts\/11660\/revisions"}],"predecessor-version":[{"id":11662,"href":"https:\/\/blog.cwf-fcf.org\/index.php\/wp-json\/wp\/v2\/posts\/11660\/revisions\/11662"}],"wp:featuredmedia":[{"embeddable":true,"href":"https:\/\/blog.cwf-fcf.org\/index.php\/wp-json\/wp\/v2\/media\/7297"}],"wp:attachment":[{"href":"https:\/\/blog.cwf-fcf.org\/index.php\/wp-json\/wp\/v2\/media?parent=11660"}],"wp:term":[{"taxonomy":"category","embeddable":true,"href":"https:\/\/blog.cwf-fcf.org\/index.php\/wp-json\/wp\/v2\/categories?post=11660"},{"taxonomy":"post_tag","embeddable":true,"href":"https:\/\/blog.cwf-fcf.org\/index.php\/wp-json\/wp\/v2\/tags?post=11660"}],"curies":[{"name":"wp","href":"https:\/\/api.w.org\/{rel}","templated":true}]}}