{"id":11514,"date":"2022-07-27T14:56:39","date_gmt":"2022-07-27T14:56:39","guid":{"rendered":"https:\/\/blog.cwf-fcf.org\/?p=11514"},"modified":"2022-08-24T13:45:36","modified_gmt":"2022-08-24T13:45:36","slug":"mise-a-jour-de-la-liste-rouge-le-papillon-monarque-maintenant-classe-en-voie-de-disparition","status":"publish","type":"post","link":"https:\/\/blog.cwf-fcf.org\/index.php\/fr\/mise-a-jour-de-la-liste-rouge-le-papillon-monarque-maintenant-classe-en-voie-de-disparition\/","title":{"rendered":"Mise \u00e0 jour de la Liste rouge : le papillon monarque maintenant class\u00e9 \u00ab en voie de disparition \u00bb"},"content":{"rendered":"<h2>L\u2019Union internationale pour la conservation de la nature (UICN) annon\u00e7ait la semaine derni\u00e8re qu\u2019elle pla\u00e7ait le papillon monarque migrateur dans la cat\u00e9gorie \u2018en voie de disparition\u2019 de sa \u00ab\u00a0Liste rouge des esp\u00e8ces menac\u00e9es\u00a0\u00bb.<\/h2>\n<p>Cette d\u00e9cision correspond \u00e0 celle du Comit\u00e9 sur la situation des esp\u00e8ces en p\u00e9ril au Canada (COSEPAC), qui avait class\u00e9 le papillon monarque d\u2019esp\u00e8ce en voie de disparition en 2016. Le gouvernement du Canada doit de son c\u00f4t\u00e9 d\u00e9cider s\u2019il l\u2019inscrit \u00e0 la loi f\u00e9d\u00e9rale en automne 2022.<\/p>\n<p>Le papillon monarque est une esp\u00e8ce embl\u00e9matique ador\u00e9e. La population de l\u2019Est migre chaque automne jusqu\u2019\u00e0 4000 km, du Canada et des \u00c9.-U jusqu\u2019au Mexique, ce qui s\u2019av\u00e8re \u00eatre l\u2019un des ph\u00e9nom\u00e8nes naturels les plus inspirants de la plan\u00e8te.<\/p>\n<p>La diminution d\u2019environ 80\u00a0% de la population de l\u2019Est, et de bien plus de 90\u00a0% de la population de l\u2019Ouest, est extr\u00eamement inqui\u00e9tante; la Liste rouge de l\u2019UICN est en fait un appel pressant \u00e0 l\u2019action. La perte d\u2019habitat, l\u2019utilisation \u00e0 grande \u00e9chelle d\u2019herbicides et le changement climatique sont des menaces que l\u2019on doit adresser. Tous les Canadiens et Canadiennes peuvent participer au r\u00e9tablissement du monarque en promouvant le besoin d\u2019actions de conservation et en cr\u00e9ant des jardins de plantes indig\u00e8nes.<\/p>\n<p>La FCF s\u2019associe \u00e0 des <a href=\"https:\/\/cwf-fcf.org\/fr\/explorer\/pollinisateurs\/laisser-pousser-pour-la-prennit\/\">gestionnaires de droits de passage et des propri\u00e9taires fonciers<\/a> afin de restaurer des pr\u00e9s en habitat pour monarques. Elle est \u00e9galement en train de d\u00e9velopper des mod\u00e8les d\u2019habitats dans le but d\u2019aider \u00e0 d\u00e9finir les priorit\u00e9s de restauration. Nous aurons besoin d\u2019aide pour parvenir \u00e0 sauver cette esp\u00e8ce, un jardin pour pollinisateurs \u00e0 la fois, une acre d\u2019habitat restaur\u00e9 \u00e0 la fois.<\/p>\n<p>Ensemble, nous y parviendrons gr\u00e2ce \u00e0 un million de gestes de restauration.<\/p>\n<h4>Apprenez comment <a href=\"https:\/\/cwf-fcf.org\/fr\/explorer\/monarques\/\">aider nos monarques<\/a><\/h4>\n","protected":false},"excerpt":{"rendered":"<div class=\"post-excerpt\">L\u2019Union internationale pour la conservation de la nature (UICN) annon\u00e7ait la semaine derni\u00e8re qu\u2019elle pla\u00e7ait le papillon monarque migrateur dans la cat\u00e9gorie \u2018en voie de disparition\u2019 de sa \u00ab\u00a0Liste rouge&hellip;<\/div>\n","protected":false},"author":1,"featured_media":6549,"comment_status":"open","ping_status":"open","sticky":false,"template":"","format":"standard","meta":{"_exactmetrics_skip_tracking":false,"_exactmetrics_sitenote_active":false,"_exactmetrics_sitenote_note":"","_exactmetrics_sitenote_category":0,"footnotes":""},"categories":[794],"tags":[9220],"class_list":["post-11514","post","type-post","status-publish","format-standard","has-post-thumbnail","hentry","category-contact-avec-la-nature","tag-le-monarque"],"_links":{"self":[{"href":"https:\/\/blog.cwf-fcf.org\/index.php\/wp-json\/wp\/v2\/posts\/11514","targetHints":{"allow":["GET"]}}],"collection":[{"href":"https:\/\/blog.cwf-fcf.org\/index.php\/wp-json\/wp\/v2\/posts"}],"about":[{"href":"https:\/\/blog.cwf-fcf.org\/index.php\/wp-json\/wp\/v2\/types\/post"}],"author":[{"embeddable":true,"href":"https:\/\/blog.cwf-fcf.org\/index.php\/wp-json\/wp\/v2\/users\/1"}],"replies":[{"embeddable":true,"href":"https:\/\/blog.cwf-fcf.org\/index.php\/wp-json\/wp\/v2\/comments?post=11514"}],"version-history":[{"count":1,"href":"https:\/\/blog.cwf-fcf.org\/index.php\/wp-json\/wp\/v2\/posts\/11514\/revisions"}],"predecessor-version":[{"id":11515,"href":"https:\/\/blog.cwf-fcf.org\/index.php\/wp-json\/wp\/v2\/posts\/11514\/revisions\/11515"}],"wp:featuredmedia":[{"embeddable":true,"href":"https:\/\/blog.cwf-fcf.org\/index.php\/wp-json\/wp\/v2\/media\/6549"}],"wp:attachment":[{"href":"https:\/\/blog.cwf-fcf.org\/index.php\/wp-json\/wp\/v2\/media?parent=11514"}],"wp:term":[{"taxonomy":"category","embeddable":true,"href":"https:\/\/blog.cwf-fcf.org\/index.php\/wp-json\/wp\/v2\/categories?post=11514"},{"taxonomy":"post_tag","embeddable":true,"href":"https:\/\/blog.cwf-fcf.org\/index.php\/wp-json\/wp\/v2\/tags?post=11514"}],"curies":[{"name":"wp","href":"https:\/\/api.w.org\/{rel}","templated":true}]}}