{"id":11158,"date":"2022-05-27T01:29:44","date_gmt":"2022-05-27T01:29:44","guid":{"rendered":"https:\/\/blog.cwf-fcf.org\/?p=11158"},"modified":"2023-05-23T13:58:58","modified_gmt":"2023-05-23T13:58:58","slug":"passion-pour-la-narration","status":"publish","type":"post","link":"https:\/\/blog.cwf-fcf.org\/index.php\/fr\/passion-pour-la-narration\/","title":{"rendered":"Passion pour la narration"},"content":{"rendered":"<h2>Pour c\u00e9l\u00e9brer la Journ\u00e9e mondiale de la tortue, la F\u00e9d\u00e9ration canadienne de la faune est heureuse de partager avec vous cette vid\u00e9o mettant en vedette une histoire l\u00e9gendaire au sujet de cet incroyable reptile.<\/h2>\n<p>Le conteur gatinois Daniel Richer a visit\u00e9 les bureaux de la F\u00e9d\u00e9ration canadienne de la faune \u00e0 Kanata en Ontario pour nous transmettre ses enseignements avant d&#8217;entreprendre une tourn\u00e9e p\u00e9gagogique en Alberta et dans le nord de l&#8217;Ontario. Nous souhaitons remercier notre stagiaire en communication, Maggie Van Lith, d&#8217;avoir cr\u00e9\u00e9 la vid\u00e9o, et Daniel d&#8217;avoir partag\u00e9 avec nous ses connaissances et son enthousiasme. Daniel est b\u00e9n\u00e9vole aupr\u00e8s de la FCF depuis de nombreuses ann\u00e9es et utilise nos peluches de la s\u00e9rie \u00ab Adopter un animal \u00bb dans ses pr\u00e9sentations. Nous lui avons pos\u00e9 quelques questions au sujet de sa passion pour la narration.<\/p>\n<div class=\"embed embed-responsive embed-responsive-16by9\"><iframe loading=\"lazy\" title=\"LegendeDeLaTortueFrench\" width=\"1170\" height=\"658\" src=\"https:\/\/www.youtube.com\/embed\/rVhdUXkP6bk?feature=oembed\" frameborder=\"0\" allow=\"accelerometer; autoplay; clipboard-write; encrypted-media; gyroscope; picture-in-picture; web-share\" allowfullscreen><\/iframe><\/div>\n<p><strong>Q : Pouquoi aimez-vous transmettre des contes sur la faune et la nature?<\/strong><\/p>\n<p>Pour les peuples autochtones (les Premi\u00e8res Nations, les Inuits et les M\u00e9tis), les l\u00e9gendes sont bien plus qu&#8217;une simple source de divertissement. Elles sont une fa\u00e7on d&#8217;expliquer ce qui nous entoure et de transmettre des le\u00e7ons de vie. La narration me permet d&#8217;ouvrir les yeux et le c\u0153ur des gens pour qu&#8217;ils d\u00e9couvrent qui ils sont r\u00e9ellement et ce qu&#8217;ils peuvent contribuer. Le racisme \u00e9mane de l&#8217;ignorance. Donc, si nous instruisons les autres et leur racontons nos histoires, nous ne pouvons pas \u00eatre ignor\u00e9s.<\/p>\n<p><strong>Q: De quels animaux parlez-vous dans vos contes et pourquoi?<\/strong><\/p>\n<ul>\n<li>La <strong>tortue<\/strong> est lente et constante. Elle nous enseigne que la patience est une qualit\u00e9 et que nous devons \u00eatre reconnaissants de ce que nous avons. Nous devons aussi profiter de la vie et appr\u00e9cier le chemin qui nous m\u00e8ne \u00e0 la vieillesse.<\/li>\n<li>L&#8217;<strong>ours<\/strong> nous montre le cycle de la nature, la fa\u00e7on de vivre en harmonie avec elle et la fa\u00e7on d&#8217;en tirer des le\u00e7ons.<\/li>\n<li>La <strong>baleine<\/strong> incarne la sagesse, la s\u00e9r\u00e9nit\u00e9 et l&#8217;amour \u00e9ternel. Elle inspire la cr\u00e9ativit\u00e9.<\/li>\n<li>L&#8217;<strong>orignal<\/strong> repr\u00e9sente la force, la puissance, l&#8217;individualit\u00e9 et l&#8217;autonomie &#8211; c&#8217;est-\u00e0-dire la capacit\u00e9 de se conna\u00eetre et de s&#8217;accepter comme on est et de s&#8217;adapter \u00e0 son environnement.<\/li>\n<li>Le <strong>bison<\/strong> symbolise l&#8217;abondance, la d\u00e9termination et le respect des traditions et de la c\u00e9r\u00e9monie. Il incarne aussi la puissance et la beaut\u00e9 de la g\u00e9n\u00e9rosit\u00e9.<\/li>\n<li>Le <strong>hibou<\/strong> nous montre comment jouir de la solitude, mais aussi comment rechercher la v\u00e9rit\u00e9 et comment ouvrir les yeux pour voir ce qui nous entoure afin d&#8217;en tirer des le\u00e7ons.<\/li>\n<li>Le <strong>renard<\/strong> est un filou qui est assez intelligent et qui aime rire. Il prend le temps de s&#8217;amuser et nous montre que nous devons faire de m\u00eame.<\/li>\n<li>La <strong>loutre<\/strong> aime la vie et accorde une grande importance \u00e0 la famille. Elle vit dans le moment pr\u00e9sent et aime d\u00e9couvrir de nouvelles choses.<\/li>\n<\/ul>\n<p><strong>Q : Comment avez-vous appris ces contes?<\/strong><\/p>\n<p>Ma grand-m\u00e8re et mon p\u00e8re \u00e9taient d&#8217;excellents conteurs et donnaient g\u00e9n\u00e9reusement de leur temps pour partager leur savoir. Au fil des ans, j&#8217;ai eu l&#8217;\u00e9norme chance de pouvoir raconter nos l\u00e9gendes dans toutes les provinces et tous les territoires du Canada; mais plus important encore, j&#8217;ai eu la chance de m&#8217;asseoir, d&#8217;\u00e9couter et d&#8217;apprendre d&#8217;excellents conteurs de pluseurs nations.<\/p>\n<p><strong>Q : Quels autres contes aimez-vous particuli\u00e8rement?<\/strong><\/p>\n<p>Il y en a tellement que c&#8217;est difficile de choisir, mais en voici quelques-uns : \u00ab La tortue part \u00e0 la guerre \u00bb et \u00ab D&#8217;o\u00f9 viennent les papillons \u00bb sont des contes po\u00e9tiques et fantaisistes qui nous expliquent comment les animaux sont devenus ce qu&#8217;ils sont aujourd&#8217;hui. \u00ab Sans mocassin \u00bb est une histoire sur l&#8217;autonomisation et la r\u00e9silience des femmes.<\/p>\n<p><strong>Q : Pourquoi la conservation de la faune vous tient-elle \u00e0 coeur? <\/strong><\/p>\n<p>Nous ne fasions que passer sur cette Terre, dans cette vie. Nous devons donc laisser les choses dans un meilleur \u00e9tat que celui dans lequel nous les avons trouver. La Loi de Sept nous enseigne qu&#8217;avant de dire quelque chose, avant de faire quelque chose, il faut penser aux sept prochaines g\u00e9n\u00e9rations que \u00e7a touchera.<\/p>\n<p><strong>Apprenez-en plus au au sujet de <\/strong><a href=\"https:\/\/www.danielricher.com\/copy-of-crier\"><strong>Daniel Richer &gt;<\/strong><\/a><\/p>\n","protected":false},"excerpt":{"rendered":"<div class=\"post-excerpt\">Pour c\u00e9l\u00e9brer la Journ\u00e9e mondiale de la tortue, la F\u00e9d\u00e9ration canadienne de la faune est heureuse de partager avec vous cette vid\u00e9o mettant en vedette une histoire l\u00e9gendaire au sujet&hellip;<\/div>\n","protected":false},"author":20,"featured_media":2521,"comment_status":"open","ping_status":"open","sticky":false,"template":"","format":"standard","meta":{"_exactmetrics_skip_tracking":false,"_exactmetrics_sitenote_active":false,"_exactmetrics_sitenote_note":"","_exactmetrics_sitenote_category":0,"footnotes":""},"categories":[794],"tags":[990],"class_list":["post-11158","post","type-post","status-publish","format-standard","has-post-thumbnail","hentry","category-contact-avec-la-nature","tag-aidez-les-tortues"],"_links":{"self":[{"href":"https:\/\/blog.cwf-fcf.org\/index.php\/wp-json\/wp\/v2\/posts\/11158","targetHints":{"allow":["GET"]}}],"collection":[{"href":"https:\/\/blog.cwf-fcf.org\/index.php\/wp-json\/wp\/v2\/posts"}],"about":[{"href":"https:\/\/blog.cwf-fcf.org\/index.php\/wp-json\/wp\/v2\/types\/post"}],"author":[{"embeddable":true,"href":"https:\/\/blog.cwf-fcf.org\/index.php\/wp-json\/wp\/v2\/users\/20"}],"replies":[{"embeddable":true,"href":"https:\/\/blog.cwf-fcf.org\/index.php\/wp-json\/wp\/v2\/comments?post=11158"}],"version-history":[{"count":3,"href":"https:\/\/blog.cwf-fcf.org\/index.php\/wp-json\/wp\/v2\/posts\/11158\/revisions"}],"predecessor-version":[{"id":12702,"href":"https:\/\/blog.cwf-fcf.org\/index.php\/wp-json\/wp\/v2\/posts\/11158\/revisions\/12702"}],"wp:featuredmedia":[{"embeddable":true,"href":"https:\/\/blog.cwf-fcf.org\/index.php\/wp-json\/wp\/v2\/media\/2521"}],"wp:attachment":[{"href":"https:\/\/blog.cwf-fcf.org\/index.php\/wp-json\/wp\/v2\/media?parent=11158"}],"wp:term":[{"taxonomy":"category","embeddable":true,"href":"https:\/\/blog.cwf-fcf.org\/index.php\/wp-json\/wp\/v2\/categories?post=11158"},{"taxonomy":"post_tag","embeddable":true,"href":"https:\/\/blog.cwf-fcf.org\/index.php\/wp-json\/wp\/v2\/tags?post=11158"}],"curies":[{"name":"wp","href":"https:\/\/api.w.org\/{rel}","templated":true}]}}