{"id":10650,"date":"2021-12-24T21:47:19","date_gmt":"2021-12-24T21:47:19","guid":{"rendered":"https:\/\/blog.cwf-fcf.org\/?p=10650"},"modified":"2021-12-16T21:49:35","modified_gmt":"2021-12-16T21:49:35","slug":"les-rennes-et-les-caribous-sont-ils-les-memes-animaux","status":"publish","type":"post","link":"https:\/\/blog.cwf-fcf.org\/index.php\/fr\/les-rennes-et-les-caribous-sont-ils-les-memes-animaux\/","title":{"rendered":"Les rennes et les caribous sont-ils les m\u00eames animaux?"},"content":{"rendered":"<h2>Une m\u00eame famille<\/h2>\n<p>La bonne nouvelle. Rodolphe a une famille ici, au Canada. La mauvaise nouvelle. Il ne s\u2019agit pas de fr\u00e8res et s\u0153urs. Des chercheurs ont cartographi\u00e9 la diversit\u00e9 g\u00e9n\u00e9tique du <em>Rangifer tarandus<\/em> sur 21\u00a0000\u00a0ans, et ont constat\u00e9 que m\u00eame s\u2019ils appartiennent \u00e0 la m\u00eame esp\u00e8ce, les caribous et les rennes ne sont que des cousins \u00e9troitement reli\u00e9s.<\/p>\n<h3>La divergence<\/h3>\n<p><img loading=\"lazy\" decoding=\"async\" class=\"aligncenter size-full wp-image-10647\" src=\"https:\/\/blog.cwf-fcf.org\/wp-content\/uploads\/2021\/12\/wuDec2014_reindeer_caribou.jpg\" sizes=\"auto, (max-width: 715px) 100vw, 715px\" srcset=\"https:\/\/blog.cwf-fcf.org\/wp-content\/uploads\/2021\/12\/wuDec2014_reindeer_caribou.jpg 715w, https:\/\/blog.cwf-fcf.org\/wp-content\/uploads\/2021\/12\/wuDec2014_reindeer_caribou-640x426.jpg 640w, https:\/\/blog.cwf-fcf.org\/wp-content\/uploads\/2021\/12\/wuDec2014_reindeer_caribou-530x353.jpg 530w\" alt=\"\" width=\"715\" height=\"476\" \/>Voici ce qui est arriv\u00e9. La derni\u00e8re \u00e8re glaciaire a forc\u00e9 des troupeaux de caribous \u00e0 se r\u00e9fugier dans des r\u00e9gions plus m\u00e9ridionales, entre les glaciers. En cons\u00e9quence, ils se sont trouv\u00e9s isol\u00e9s des autres troupeaux de caribous et ont \u00e9t\u00e9 forc\u00e9s de se croiser. Certains se sont trouv\u00e9s bloqu\u00e9s en Eurasie, d\u2019autres en Am\u00e9rique du Nord; d\u2019o\u00f9 les diff\u00e9rences g\u00e9n\u00e9tiques qui distinguent les caribous des rennes.<\/p>\n<h3>Le coup de th\u00e9\u00e2tre<\/h3>\n<p><img loading=\"lazy\" decoding=\"async\" class=\"aligncenter size-standard wp-image-10648\" src=\"https:\/\/blog.cwf-fcf.org\/wp-content\/uploads\/2021\/12\/norwegian-reindeer-1341272675-1100x640.jpg\" alt=\"\" width=\"1100\" height=\"640\" \/>Nous avons tous en t\u00eate cette image des rennes du P\u00e8re No\u00ebl. Majestueux. Robustes. Grands&#8230; Sauf que&#8230; nous pourrions vraiment nous tromper. Avant 1823, le P\u00e8re No\u00ebl n\u2019avait pas de rennes. Saint au caract\u00e8re assez joyeux, il ne rendait pas visite aux enfants la veille de No\u00ebl pour leur offrir des trains miniatures et des poup\u00e9es. Ce n\u2019est que lorsque Clement C. Moore a publi\u00e9 son po\u00e8me \u00ab A Visit from Saint Nicholas \u00bb de fa\u00e7on anonyme dans le <em>Sentinel<\/em> que nous avons entendu parler d\u2019une huitaine de rennes minuscules tirant le tra\u00eeneau miniature du P\u00e8re No\u00ebl.<\/p>\n<p>Minuscule? Cela ne semble pas tr\u00e8s caract\u00e9ristique des rennes que nous avons ancr\u00e9s dans nos m\u00e9moires. Il est possible que M. Moore ait imagin\u00e9 les rennes du P\u00e8re No\u00ebl \u00e0 l\u2019image de la sous-esp\u00e8ce <em>R.t.\u00a0platyrhynchus<\/em> vivant dans les \u00eeles Svalbard au large de la Norv\u00e8ge. Ces rennes sont les seuls qui peuvent vraiment \u00eatre d\u00e9crits comme minuscules \u2013 ils p\u00e8sent environ moiti\u00e9 moins que les rennes ordinaires, et mesurent 30\u00a0centim\u00e8tres de moins.<\/p>\n<p>Qu\u2019en pensez-vous?<\/p>\n","protected":false},"excerpt":{"rendered":"<div class=\"post-excerpt\">Une m\u00eame famille La bonne nouvelle. Rodolphe a une famille ici, au Canada. La mauvaise nouvelle. Il ne s\u2019agit pas de fr\u00e8res et s\u0153urs. Des chercheurs ont cartographi\u00e9 la diversit\u00e9&hellip;<\/div>\n","protected":false},"author":60,"featured_media":3297,"comment_status":"open","ping_status":"open","sticky":false,"template":"","format":"standard","meta":{"_exactmetrics_skip_tracking":false,"_exactmetrics_sitenote_active":false,"_exactmetrics_sitenote_note":"","_exactmetrics_sitenote_category":0,"footnotes":""},"categories":[794],"tags":[8250],"class_list":["post-10650","post","type-post","status-publish","format-standard","has-post-thumbnail","hentry","category-contact-avec-la-nature","tag-caribou-fr"],"_links":{"self":[{"href":"https:\/\/blog.cwf-fcf.org\/index.php\/wp-json\/wp\/v2\/posts\/10650","targetHints":{"allow":["GET"]}}],"collection":[{"href":"https:\/\/blog.cwf-fcf.org\/index.php\/wp-json\/wp\/v2\/posts"}],"about":[{"href":"https:\/\/blog.cwf-fcf.org\/index.php\/wp-json\/wp\/v2\/types\/post"}],"author":[{"embeddable":true,"href":"https:\/\/blog.cwf-fcf.org\/index.php\/wp-json\/wp\/v2\/users\/60"}],"replies":[{"embeddable":true,"href":"https:\/\/blog.cwf-fcf.org\/index.php\/wp-json\/wp\/v2\/comments?post=10650"}],"version-history":[{"count":1,"href":"https:\/\/blog.cwf-fcf.org\/index.php\/wp-json\/wp\/v2\/posts\/10650\/revisions"}],"predecessor-version":[{"id":10651,"href":"https:\/\/blog.cwf-fcf.org\/index.php\/wp-json\/wp\/v2\/posts\/10650\/revisions\/10651"}],"wp:featuredmedia":[{"embeddable":true,"href":"https:\/\/blog.cwf-fcf.org\/index.php\/wp-json\/wp\/v2\/media\/3297"}],"wp:attachment":[{"href":"https:\/\/blog.cwf-fcf.org\/index.php\/wp-json\/wp\/v2\/media?parent=10650"}],"wp:term":[{"taxonomy":"category","embeddable":true,"href":"https:\/\/blog.cwf-fcf.org\/index.php\/wp-json\/wp\/v2\/categories?post=10650"},{"taxonomy":"post_tag","embeddable":true,"href":"https:\/\/blog.cwf-fcf.org\/index.php\/wp-json\/wp\/v2\/tags?post=10650"}],"curies":[{"name":"wp","href":"https:\/\/api.w.org\/{rel}","templated":true}]}}